{"id":940,"date":"2025-05-27T10:54:03","date_gmt":"2025-05-27T08:54:03","guid":{"rendered":"https:\/\/ledeleguelaique.fr\/?p=940"},"modified":"2025-05-27T10:54:03","modified_gmt":"2025-05-27T08:54:03","slug":"sans-autre-forme-de-proces-ou-la-federation-nationale-des-dden-a-la-croisee-des-chemins","status":"publish","type":"post","link":"https:\/\/ledeleguelaique.fr\/?p=940","title":{"rendered":"\u00ab\u00a0Sans autre forme de proc\u00e8s\u2026\u00a0\u00bb ou\u2026 \u00ab\u00a0la F\u00e9d\u00e9ration nationale des DDEN \u00e0 la crois\u00e9e des chemins\u00a0\u00bb"},"content":{"rendered":"<p>Cette ann\u00e9e encore, le bureau d\u00e9partemental de <strong>l\u2019Union de l\u2019Is\u00e8re des DDEN<\/strong>, \u00e0 l\u2019unanimit\u00e9, m\u2019a d\u00e9sign\u00e9 pour \u00eatre candidat au <strong>Conseil F\u00e9d\u00e9ral<\/strong>.<\/p>\n<p>Le <strong>Pr\u00e9sident de l\u2019Union de l\u2019Is\u00e8re<\/strong> re\u00e7oit, le 18 avril 2025, un mail ainsi r\u00e9dig\u00e9\u00a0:<\/p>\n<p><em>\u00ab\u00a0Cher Coll\u00e8gue, bonjour<\/em><\/p>\n<p><em>Tu viens de recevoir la circulaire f\u00e9d\u00e9rale N\u00b0 21 du 18 avril 2025. Lors du vote statutaire du Conseil F\u00e9d\u00e9ral pour valider la candidature de <strong>Pascal Costarella<\/strong> au Conseil F\u00e9d\u00e9ral, celui-ci n\u2019a obtenu aucune voix des 19 votants de notre instance. Chaque ann\u00e9e des candidatures ne sont pas valid\u00e9es, ce fut aussi le cas l\u2019ann\u00e9e pass\u00e9e pour un candidat et aussi les ann\u00e9es pr\u00e9c\u00e9dentes.<\/em><\/p>\n<p><em>Amiti\u00e9s la\u00efques et f\u00e9d\u00e9rales.<\/em><br \/>\n<em>Pour le Conseil F\u00e9d\u00e9ral<\/em><br \/>\n<em><strong>Eddy Khaldi\u00a0<\/strong>\u00bb<\/em><\/p>\n<p>Aucune explication concernant les motifs, ni concernant le nombre de candidatures refus\u00e9es.<\/p>\n<p><strong>Eddy Khaldi<\/strong> parle du \u00ab\u00a0<em>vote statutaire du Conseil F\u00e9d\u00e9ral<\/em>\u00a0\u00bb. Rappelons que les nouveaux statuts, modifi\u00e9s lors du congr\u00e8s du Kremlin-Bic\u00eatre de novembre 2022, n\u2019ont toujours pas \u00e9t\u00e9 communiqu\u00e9s aux Unions d\u00e9partementales. Un retour en arri\u00e8re permet de mieux comprendre cette d\u00e9rive autocratique.<\/p>\n<p>Concernant l\u2019\u00e9lection du <strong>Conseil F\u00e9d\u00e9ral<\/strong>, les statuts pr\u00e9c\u00e9dents indiquaient dans leur <strong>article 5<\/strong>\u00a0:<br \/>\n<em>\u00ab\u00a0La <strong>F\u00e9d\u00e9ration Nationale<\/strong> est administr\u00e9e par un <strong>CONSEIL FEDERAL<\/strong> compos\u00e9 de 27 membres \u00e9lus pour trois ans au scrutin secret lors du congr\u00e8s national et renouvelables par tiers chaque ann\u00e9e. Les membres sortants sont r\u00e9\u00e9ligibles\u00a0\u00bb.<\/em><\/p>\n<p>Chaque <strong>Union<\/strong> pouvait pr\u00e9senter un candidat, le congr\u00e8s national tranchait. Si on se r\u00e9f\u00e8re \u00e0 la proposition de nouveaux statuts (seul \u00e9crit en notre possession) d\u00e9sormais\u00a0: \u00ab\u00a0<em>La liste des candidats au<strong> Conseil F\u00e9d\u00e9ral<\/strong> est arr\u00eat\u00e9e aux termes d\u2019un vote du <strong>Conseil F\u00e9d\u00e9ral<\/strong><\/em>\u00a0\u00bb (article 5.1) En d\u2019autres termes, ce sont les membres du <strong>Conseil f\u00e9d\u00e9ral<\/strong> qui d\u00e9cident qui doit les remplacer\u00a0! Compos\u00e9 de 27 membres renouvelables par tiers, le <strong>Conseil f\u00e9d\u00e9ral<\/strong> a choisi. Il y a 9 membres \u00e0 \u00e9lire\u00a0? Et bien il y aura 9 candidats\u2026 dont 8 membres sortants\u00a0! (Circulaire n\u00b021 du 18 avril)<\/p>\n<p>Ainsi, sans autre forme de proc\u00e8s, la candidature de l\u2019<strong>Union de l\u2019Is\u00e8re<\/strong> \u00e0 laquelle adh\u00e8rent plusieurs centaines de <strong>DDEN<\/strong> est \u00e9cart\u00e9e. Candidature qui ne re\u00e7oit, selon Eddy Khaldi, aucune voix de Conseillers f\u00e9d\u00e9raux.<\/p>\n<p>Rappelons aussi que lors du congr\u00e8s de 2022,<strong> l\u2019Union de l\u2019Is\u00e8re<\/strong> avait propos\u00e9 un fonctionnement r\u00e9solument d\u00e9mocratique\u00a0: un <strong>Conseil f\u00e9d\u00e9ral<\/strong> compos\u00e9 d\u2019un repr\u00e9sentant de chaque <strong>Union<\/strong> et qui \u00e9lit ensuite un Bureau f\u00e9d\u00e9ral. C\u2019\u00e9tait le gage d\u2019avoir un \u00ab\u00a0<em>v\u00e9ritable<\/em>\u00a0\u00bb Conseil f\u00e9d\u00e9ral. Cette d\u00e9rive autoritaire n\u2019est pas sans cons\u00e9quence pour la <strong>F\u00e9d\u00e9ration Nationale<\/strong>. Comme il \u00e9carte toute voix diff\u00e9rente, <strong>Eddy Khaldi isole de plus en plus les DDEN<\/strong>.<\/p>\n<p>D\u00e9l\u00e9gu\u00e9 au congr\u00e8s national de Montpellier en 2023, j\u2019ai \u00e9t\u00e9 frapp\u00e9 par l\u2019absence des associations amies de <strong>l\u2019\u00c9cole la\u00efque.<\/strong> Seule <strong>l\u2019ANATEEP<\/strong> \u00e9tait pr\u00e9sente une partie du congr\u00e8s, son Pr\u00e9sident ayant d\u2019ailleurs fait une remarquable intervention. Cet isolement s\u2019est approfondit depuis\u00a0: m\u00eame le <strong>CNAL<\/strong> ne trouve pas gr\u00e2ce aux yeux d\u2019<strong>Eddy Khaldi<\/strong> !<\/p>\n<p>Et ce n\u2019est pas un pr\u00e9tendu \u00ab <em>Collectif la\u00efque national<\/em> \u00bb, dont la circulaire de la F<strong>\u00e9d\u00e9ration nationale<\/strong> du 15 avril demande de signer l\u2019appel \u00e0 une \u00ab <em>constitutionnalisation des deux premiers articles de la loi de 1905<\/em> \u00bb (comme si le fait de tout mettre dans la constitution r\u00e9glait les probl\u00e8mes\u2026) qui va \u00ab <em>sauver<\/em> \u00bb les DDEN. Dans cette p\u00e9tition qui parle de remise en cause de la la\u00efcit\u00e9\u2026 pas un mot sur la <em><strong>loi Debr\u00e9<\/strong><\/em>, pas un seul mot ! En revanche, haro sur les musulmans.<\/p>\n<p>Alors oui, la <strong>F\u00e9d\u00e9ration nationale<\/strong> est \u00e0 la crois\u00e9e des chemins. Un sursaut des <strong>Unions<\/strong>, des <strong>DDEN<\/strong> est indispensable. Le prochain congr\u00e8s national, en visio conf\u00e9rence, d\u2019une dur\u00e9e pr\u00e9vue de 7 heures, dont <strong>Eddy Khaldi<\/strong> nous dit dans la circulaire n\u00b056 du 23 janvier 2025 que \u00ab\u00a0<em>Au congr\u00e8s de Montpellier en 2024, nous avons d\u00e9cid\u00e9 que celui de 2025 se d\u00e9roulerait en visioconf\u00e9rence<\/em>\u00a0\u00bb (ce dont je n\u2019ai pas souvenir et que rien n\u2019a \u00e9t\u00e9 publi\u00e9 sur cette question) verra-t-il ce sursaut\u00a0?<\/p>\n<p>La fa\u00e7on dont il est pr\u00e9par\u00e9 ne nous incite pas, h\u00e9las, \u00e0 l\u2019optimisme<\/p>\n<p style=\"text-align: right;\"><span style=\"text-decoration: underline;\">Grenoble le 3 mai 2025<\/span><\/p>\n<p style=\"text-align: left;\"><strong>Pascal Costarella<\/strong><\/p>\n","protected":false},"excerpt":{"rendered":"<p>Cette ann\u00e9e encore, le bureau d\u00e9partemental de l\u2019Union de l\u2019Is\u00e8re des DDEN, \u00e0 l\u2019unanimit\u00e9, m\u2019a d\u00e9sign\u00e9 pour \u00eatre candidat au Conseil F\u00e9d\u00e9ral. Le Pr\u00e9sident de l\u2019Union de l\u2019Is\u00e8re re\u00e7oit, le 18 avril 2025, un mail ainsi r\u00e9dig\u00e9\u00a0: \u00ab\u00a0Cher Coll\u00e8gue, bonjour Tu viens de recevoir la circulaire f\u00e9d\u00e9rale N\u00b0 21 du 18 avril 2025. Lors du &hellip; <a href=\"https:\/\/ledeleguelaique.fr\/?p=940\" class=\"more-link\">Continuer la lecture<span class=\"screen-reader-text\"> de &laquo;&nbsp;\u00ab\u00a0Sans autre forme de proc\u00e8s\u2026\u00a0\u00bb ou\u2026 \u00ab\u00a0la F\u00e9d\u00e9ration nationale des DDEN \u00e0 la crois\u00e9e des chemins\u00a0\u00bb&nbsp;&raquo;<\/span><\/a><\/p>\n","protected":false},"author":1,"featured_media":941,"comment_status":"closed","ping_status":"closed","sticky":false,"template":"","format":"standard","meta":{"footnotes":""},"categories":[23],"tags":[],"_links":{"self":[{"href":"https:\/\/ledeleguelaique.fr\/index.php?rest_route=\/wp\/v2\/posts\/940"}],"collection":[{"href":"https:\/\/ledeleguelaique.fr\/index.php?rest_route=\/wp\/v2\/posts"}],"about":[{"href":"https:\/\/ledeleguelaique.fr\/index.php?rest_route=\/wp\/v2\/types\/post"}],"author":[{"embeddable":true,"href":"https:\/\/ledeleguelaique.fr\/index.php?rest_route=\/wp\/v2\/users\/1"}],"replies":[{"embeddable":true,"href":"https:\/\/ledeleguelaique.fr\/index.php?rest_route=%2Fwp%2Fv2%2Fcomments&post=940"}],"version-history":[{"count":1,"href":"https:\/\/ledeleguelaique.fr\/index.php?rest_route=\/wp\/v2\/posts\/940\/revisions"}],"predecessor-version":[{"id":942,"href":"https:\/\/ledeleguelaique.fr\/index.php?rest_route=\/wp\/v2\/posts\/940\/revisions\/942"}],"wp:featuredmedia":[{"embeddable":true,"href":"https:\/\/ledeleguelaique.fr\/index.php?rest_route=\/wp\/v2\/media\/941"}],"wp:attachment":[{"href":"https:\/\/ledeleguelaique.fr\/index.php?rest_route=%2Fwp%2Fv2%2Fmedia&parent=940"}],"wp:term":[{"taxonomy":"category","embeddable":true,"href":"https:\/\/ledeleguelaique.fr\/index.php?rest_route=%2Fwp%2Fv2%2Fcategories&post=940"},{"taxonomy":"post_tag","embeddable":true,"href":"https:\/\/ledeleguelaique.fr\/index.php?rest_route=%2Fwp%2Fv2%2Ftags&post=940"}],"curies":[{"name":"wp","href":"https:\/\/api.w.org\/{rel}","templated":true}]}}