{"id":938,"date":"2025-05-27T10:36:12","date_gmt":"2025-05-27T08:36:12","guid":{"rendered":"https:\/\/ledeleguelaique.fr\/?p=938"},"modified":"2025-05-27T10:36:12","modified_gmt":"2025-05-27T08:36:12","slug":"lettre-ouverte-aux-dden","status":"publish","type":"post","link":"https:\/\/ledeleguelaique.fr\/?p=938","title":{"rendered":"Lettre ouverte aux DDEN"},"content":{"rendered":"<h2>Une situation inimaginable\u00a0 au sein de la F\u00e9d\u00e9ration des DDEN de Paris<\/h2>\n<p>Un \u00e9v\u00e9nement grave vient de se d\u00e9rouler au sein du Conseil d\u2019Administration de <strong>l&rsquo;Union D\u00e9partementale de Paris des DDEN<\/strong>. Apr\u00e8s r\u00e9flexion, j&rsquo;estime de mon devoir d&rsquo;en informer les coll\u00e8gues <strong>DDEN<\/strong>.<\/p>\n<p>Lors du <strong>CA des DDEN<\/strong> de Paris du 17 juin 2024 un groupe s&rsquo;est permis, sans discussion pr\u00e9alable, de remettre en cause toutes les d\u00e9cisions adopt\u00e9es par le pr\u00e9c\u00e9dent CA du 22 avril 2024 et de proc\u00e9der \u00e0 un renouvellement complet de la composition du <strong>Conseil administration<\/strong> (vote un par un sur chacun des postes !).<\/p>\n<p>Le pr\u00e9texte\u00a0? Le d\u00e9c\u00e8s de notre coll\u00e8gue Claude Dubois, secr\u00e9taire g\u00e9n\u00e9ral de notre Union victime d&rsquo;un AVC lors du pr\u00e9c\u00e9dent CA. <strong>Claude<\/strong> \u00e9tait mon ami. Il venait d&rsquo;\u00eatre \u00e9lu Secr\u00e9taire g\u00e9n\u00e9ral adjoint de notre Union. Comme beaucoup l&rsquo;ont fait, je lui ai rendu hommage en tant que vice-Pr\u00e9sident de notre<strong> Union D\u00e9partementale<\/strong>. Cet hommage, et d&rsquo;autres, a \u00e9t\u00e9 publi\u00e9 dans <em><strong>le D\u00e9l\u00e9gu\u00e9 La\u00efque N\u00b0 15<\/strong><\/em> qui se veut une tribune libre de discussions et d&rsquo;\u00e9changes entre <strong>DDEN<\/strong> sur toutes les questions qui rel\u00e8vent de nos missions en d\u00e9fense de<strong> l&rsquo;\u00c9cole la\u00efque<\/strong> et de notre place dans le n\u00e9cessaire rassemblement du mouvement la\u00efque.<\/p>\n<p>Ces membres du CA, sollicit\u00e9s par <strong>Eddy Khaldi<\/strong>, Pr\u00e9sident de la <strong>F\u00e9d\u00e9ration Nationale<\/strong>, ont condamn\u00e9 la publication de cet hommage, mais, plus grave encore, ils ont profit\u00e9 du d\u00e9c\u00e8s de notre ami pour proc\u00e9der au renouvellement des responsabilit\u00e9s au sein du CA. J&rsquo;ai ainsi \u00e9t\u00e9 \u00e9ject\u00e9 de mon poste de <strong>Vice-Pr\u00e9sident de l&rsquo;Union<\/strong>.<\/p>\n<p>Cette d\u00e9cision, m\u00fbrement et clandestinement pr\u00e9par\u00e9e au lendemain du Congr\u00e8s de la <strong>F\u00e9d\u00e9ration Nationale,<\/strong> est une honte qui rappelle des m\u0153urs sectaires jetant l&rsquo;anath\u00e8me et l&rsquo;opprobre \u00e0 toute personne qui n&rsquo;a pas l&rsquo;heur de plaire au Pr\u00e9sident m\u00eame si aucun reproche ne peut lui \u00eatre formul\u00e9 sur l&rsquo;exercice des missions qui lui ont \u00e9t\u00e9 confi\u00e9es. Depuis quand rendre hommage \u00e0 un ami <strong>Secr\u00e9taire g\u00e9n\u00e9ral adjoint de son Union D\u00e9partementale<\/strong> serait interdit au Vice-Pr\u00e9sident de son <strong>Union<\/strong> qui a milit\u00e9 avec lui pendant des ann\u00e9es en faveur de l&rsquo;\u00c9cole la\u00efque\u00a0?<\/p>\n<h2>Des questions graves et s\u00e9rieuses sont en cause<\/h2>\n<p>Le pr\u00e9c\u00e9dent CA du 22 avril 2024 avait discut\u00e9 de <strong>l&rsquo;Appel national unitaire<\/strong> du 28 janvier2024 intitul\u00e9 :\u00a0\u00bb<em>Il est urgent que la R\u00e9publique soutienne pleinement son \u00e9cole publique, la seule de toute la jeunesse vivant dans ce pays<\/em>\u00ab\u00a0. Cet Appel \u00e0 l&rsquo;initiative de la <strong>FSU<\/strong> est sign\u00e9 par la plupart des organisations et associations la\u00efques de notre pays dont la F\u00e9d\u00e9ration nationale des DDEN. L&rsquo;appel unitaire rappelle que : \u00ab\u00a0<em>le financement collectif du s\u00e9paratisme social et scolaire n&rsquo;est pas acceptable, l&rsquo;argent public doit aller \u00e0 l&rsquo;\u00e9cole publique.<\/em>\u00ab\u00a0.<\/p>\n<p>Le <strong>CA de l&rsquo;Union de Paris<\/strong> du 22 avril 2024 avait donc d\u00e9cid\u00e9 de s&rsquo;adresser-au niveau parisien &#8211; \u00e0 toutes les organisations signataires pour aller vers la constitution d&rsquo;un large front la\u00efque r\u00e9pondant \u00e0 une profonde aspiration \u00e0 se rassembler pour d\u00e9fendre l&rsquo;\u00c9cole publique seule \u00e9cole de la R\u00e9publique. Avec la disparition de <strong>Claude<\/strong> et ma disqualification de ma fonction de Vice-Pr\u00e9sident, cette d\u00e9cision a \u00e9t\u00e9 abandonn\u00e9e. Parall\u00e8lement <strong>Eddy Khaldi<\/strong> d\u00e9cidait de suspendre sa participation au <strong>CNAL<\/strong> pr\u00e9textant d&rsquo;une phrase prononc\u00e9e par la <strong>Secr\u00e9taire G\u00e9n\u00e9rale de l&rsquo;UNSA<\/strong> lors d&rsquo;une r\u00e9union dans le Val-de-Marne.<\/p>\n<p>A qui cette proposition unanime \u00e9tait-elle intol\u00e9rable et pourquoi ? A qui peut profiter la division au sein du <strong>Mouvement la\u00efque<\/strong> y compris au sein des <strong>Unions d\u00e9partementales des DDEN<\/strong> avec une naus\u00e9abonde \u00ab\u00a0<em>chasse aux sorci\u00e8res<\/em>\u00a0\u00bb\u00a0?<\/p>\n<p>Une chose est n\u00e9anmoins certaine et pleine d&rsquo;espoir. Les <strong>La\u00efques<\/strong> aspirent \u00e0 se rassembler pour d\u00e9fendre <strong>l&rsquo;\u00c9cole la\u00efque<\/strong> attaqu\u00e9e de toutes parts : <em>choc des savoirs, fermetures de classes,<strong> loi Rilhac<\/strong>, <strong>loi Debr\u00e9<\/strong>, processus de d\u00e9mant\u00e8lement programm\u00e9 de l&rsquo;Education Nationale.<\/em><\/p>\n<p>Les d\u00e9lits d&rsquo;opinion et les \u00e9purations n&rsquo;ont pas leur place dans les <strong>Unions D\u00e9partementales des DDEN<\/strong>. Ils doivent \u00eatre bannis pour aller ensemble vers le rassemblement des la\u00efques dans le respect de la libert\u00e9 de pens\u00e9e, d&rsquo;\u00e9changes et de discussions libres et d\u00e9mocratiques.<\/p>\n<p><strong>Gali Harroch, membre du CA de l\u2019Union de Paris des DDEN<\/strong><\/p>\n<p style=\"text-align: right;\"><span style=\"text-decoration: underline;\">Fait \u00e0 Paris le 15\/07\/2024<\/span><\/p>\n","protected":false},"excerpt":{"rendered":"<p>Une situation inimaginable\u00a0 au sein de la F\u00e9d\u00e9ration des DDEN de Paris Un \u00e9v\u00e9nement grave vient de se d\u00e9rouler au sein du Conseil d\u2019Administration de l&rsquo;Union D\u00e9partementale de Paris des DDEN. Apr\u00e8s r\u00e9flexion, j&rsquo;estime de mon devoir d&rsquo;en informer les coll\u00e8gues DDEN. Lors du CA des DDEN de Paris du 17 juin 2024 un groupe &hellip; <a href=\"https:\/\/ledeleguelaique.fr\/?p=938\" class=\"more-link\">Continuer la lecture<span class=\"screen-reader-text\"> de &laquo;&nbsp;Lettre ouverte aux DDEN&nbsp;&raquo;<\/span><\/a><\/p>\n","protected":false},"author":1,"featured_media":868,"comment_status":"closed","ping_status":"closed","sticky":false,"template":"","format":"standard","meta":{"footnotes":""},"categories":[23],"tags":[],"_links":{"self":[{"href":"https:\/\/ledeleguelaique.fr\/index.php?rest_route=\/wp\/v2\/posts\/938"}],"collection":[{"href":"https:\/\/ledeleguelaique.fr\/index.php?rest_route=\/wp\/v2\/posts"}],"about":[{"href":"https:\/\/ledeleguelaique.fr\/index.php?rest_route=\/wp\/v2\/types\/post"}],"author":[{"embeddable":true,"href":"https:\/\/ledeleguelaique.fr\/index.php?rest_route=\/wp\/v2\/users\/1"}],"replies":[{"embeddable":true,"href":"https:\/\/ledeleguelaique.fr\/index.php?rest_route=%2Fwp%2Fv2%2Fcomments&post=938"}],"version-history":[{"count":1,"href":"https:\/\/ledeleguelaique.fr\/index.php?rest_route=\/wp\/v2\/posts\/938\/revisions"}],"predecessor-version":[{"id":939,"href":"https:\/\/ledeleguelaique.fr\/index.php?rest_route=\/wp\/v2\/posts\/938\/revisions\/939"}],"wp:featuredmedia":[{"embeddable":true,"href":"https:\/\/ledeleguelaique.fr\/index.php?rest_route=\/wp\/v2\/media\/868"}],"wp:attachment":[{"href":"https:\/\/ledeleguelaique.fr\/index.php?rest_route=%2Fwp%2Fv2%2Fmedia&parent=938"}],"wp:term":[{"taxonomy":"category","embeddable":true,"href":"https:\/\/ledeleguelaique.fr\/index.php?rest_route=%2Fwp%2Fv2%2Fcategories&post=938"},{"taxonomy":"post_tag","embeddable":true,"href":"https:\/\/ledeleguelaique.fr\/index.php?rest_route=%2Fwp%2Fv2%2Ftags&post=938"}],"curies":[{"name":"wp","href":"https:\/\/api.w.org\/{rel}","templated":true}]}}