{"id":915,"date":"2025-05-26T16:39:21","date_gmt":"2025-05-26T14:39:21","guid":{"rendered":"https:\/\/ledeleguelaique.fr\/?p=915"},"modified":"2025-05-26T16:39:44","modified_gmt":"2025-05-26T14:39:44","slug":"motion-pour-labrogation-de-la-loi-debre-et-consorts","status":"publish","type":"post","link":"https:\/\/ledeleguelaique.fr\/?p=915","title":{"rendered":"Motion pour l&rsquo;abrogation de la loi Debr\u00e9 et consorts"},"content":{"rendered":"<h2>MOTION VOT\u00c9E A L\u2019UNANIMIT\u00c9 DES PR\u00c9SENTS A L&rsquo;AG DU 29 MAI 2024 DE L&rsquo;UD31<\/h2>\n<p>Les propos tenus contre l\u2019enseignement public par l\u2019\u00e9ph\u00e9m\u00e8re ministre de l\u2019\u00c9ducation nationale, <strong>Am\u00e9lie Oud\u00e9a-Cast\u00e9ra<\/strong>, ainsi que les constats accablants consign\u00e9s dans les rapports de la <strong>Cour des comptes<\/strong> de juin 2023 et de la <strong>mission d\u2019information de l\u2019Assembl\u00e9e nationale<\/strong> de mars 2024 mettent concr\u00e8tement \u00e0 l\u2019ordre du jour <strong>la remise en cause du financement public de l\u2019enseignement priv\u00e9 sous contrat, pour l\u2019essentiel catholique<\/strong>. Celui-ci constitue une br\u00e8che b\u00e9ante dans la <strong>S\u00e9paration des \u00c9glises et de l\u2019\u00c9tat<\/strong> et s\u2019av\u00e8re un puissant dispositif d\u2019accroissement des in\u00e9galit\u00e9s sociales et scolaires.<\/p>\n<p>Ce pourquoi nous demandons l\u2019abrogation des loi anti la\u00efques et des dispositions issues notamment des<strong> lois Debr\u00e9, Falloux et Astier<\/strong> qui constitue le passage oblig\u00e9 pour respecter le principe selon lequel les fonds publics doivent \u00eatre <strong>exclusivement destin\u00e9s au financement de l\u2019enseignement public<\/strong> dont l\u2019organisation est le seul \u00ab <em><strong>devoir<\/strong><\/em> \u00bb de l\u2019\u00c9tat selon le Pr\u00e9ambule de la Constitution de 1946 repris en 1958.<\/p>\n","protected":false},"excerpt":{"rendered":"<p>MOTION VOT\u00c9E A L\u2019UNANIMIT\u00c9 DES PR\u00c9SENTS A L&rsquo;AG DU 29 MAI 2024 DE L&rsquo;UD31 Les propos tenus contre l\u2019enseignement public par l\u2019\u00e9ph\u00e9m\u00e8re ministre de l\u2019\u00c9ducation nationale, Am\u00e9lie Oud\u00e9a-Cast\u00e9ra, ainsi que les constats accablants consign\u00e9s dans les rapports de la Cour des comptes de juin 2023 et de la mission d\u2019information de l\u2019Assembl\u00e9e nationale de mars &hellip; <a href=\"https:\/\/ledeleguelaique.fr\/?p=915\" class=\"more-link\">Continuer la lecture<span class=\"screen-reader-text\"> de &laquo;&nbsp;Motion pour l&rsquo;abrogation de la loi Debr\u00e9 et consorts&nbsp;&raquo;<\/span><\/a><\/p>\n","protected":false},"author":1,"featured_media":916,"comment_status":"closed","ping_status":"closed","sticky":false,"template":"","format":"standard","meta":{"footnotes":""},"categories":[23],"tags":[],"_links":{"self":[{"href":"https:\/\/ledeleguelaique.fr\/index.php?rest_route=\/wp\/v2\/posts\/915"}],"collection":[{"href":"https:\/\/ledeleguelaique.fr\/index.php?rest_route=\/wp\/v2\/posts"}],"about":[{"href":"https:\/\/ledeleguelaique.fr\/index.php?rest_route=\/wp\/v2\/types\/post"}],"author":[{"embeddable":true,"href":"https:\/\/ledeleguelaique.fr\/index.php?rest_route=\/wp\/v2\/users\/1"}],"replies":[{"embeddable":true,"href":"https:\/\/ledeleguelaique.fr\/index.php?rest_route=%2Fwp%2Fv2%2Fcomments&post=915"}],"version-history":[{"count":2,"href":"https:\/\/ledeleguelaique.fr\/index.php?rest_route=\/wp\/v2\/posts\/915\/revisions"}],"predecessor-version":[{"id":918,"href":"https:\/\/ledeleguelaique.fr\/index.php?rest_route=\/wp\/v2\/posts\/915\/revisions\/918"}],"wp:featuredmedia":[{"embeddable":true,"href":"https:\/\/ledeleguelaique.fr\/index.php?rest_route=\/wp\/v2\/media\/916"}],"wp:attachment":[{"href":"https:\/\/ledeleguelaique.fr\/index.php?rest_route=%2Fwp%2Fv2%2Fmedia&parent=915"}],"wp:term":[{"taxonomy":"category","embeddable":true,"href":"https:\/\/ledeleguelaique.fr\/index.php?rest_route=%2Fwp%2Fv2%2Fcategories&post=915"},{"taxonomy":"post_tag","embeddable":true,"href":"https:\/\/ledeleguelaique.fr\/index.php?rest_route=%2Fwp%2Fv2%2Ftags&post=915"}],"curies":[{"name":"wp","href":"https:\/\/api.w.org\/{rel}","templated":true}]}}