{"id":910,"date":"2025-05-26T16:30:59","date_gmt":"2025-05-26T14:30:59","guid":{"rendered":"https:\/\/ledeleguelaique.fr\/?p=910"},"modified":"2025-05-26T16:31:29","modified_gmt":"2025-05-26T14:31:29","slug":"devoiement-de-la-laicite-dans-le-sport-un-cadeau-fait-aux-separatiste-1","status":"publish","type":"post","link":"https:\/\/ledeleguelaique.fr\/?p=910","title":{"rendered":"D\u00e9voiement de la la\u00efcit\u00e9 dans le sport : un cadeau fait aux s\u00e9paratistes (1)"},"content":{"rendered":"<p>Le ministre de l\u2019Int\u00e9rieur, Bruno Retailleau, et le ministre de la Justice, G\u00e9rald Darmanin, se sont oppos\u00e9s \u00e0 la ministre des Sports, Marie Barsacq et \u00e0 la ministre de l\u2019\u00c9ducation nationale, ancienne Premi\u00e8re ministre, \u00c9lisabeth Borne, \u00e0 propos de l\u2019interdiction de tout signe ostensible dans le sport amateur, en comp\u00e9titions (en ciblant tout accessoire, m\u00eame serr\u00e9 et \u00e9quivalent \u00e0 un bonnet serr\u00e9, qui remplacerait un voile ou foulard musulman). Rappelons que le droit actuel permet d\u00e9j\u00e0 d\u2019interdire tout signe ou accessoire qui s\u2019opposerait \u00e0 la tenue r\u00e9glementaire pr\u00e9vue par les f\u00e9d\u00e9rations pour assurer la bonne pratique sportive.<\/p>\n<p>Aller au-del\u00e0, c\u2019est s\u2019opposer \u00e0 la la\u00efcit\u00e9 qui ne pr\u00e9voit la neutralit\u00e9 ou des restrictions qu\u2019\u00e0 ceux qui exercent un service public ou qui sont vuln\u00e9rables. C\u2019est aussi ouvrir la porte \u00e0 la subjectivit\u00e9 et donc, potentiellement, \u00e0 tout type de discriminations. Le Conseil constitutionnel, malgr\u00e9 sa composition plus politique que juridique, comme la Cour europ\u00e9enne des Droits de l\u2019Homme pourraient ainsi contester une telle disposition l\u00e9gislative.<\/p>\n<p>Pourtant, l\u2019actuel Premier ministre, Fran\u00e7ois Bayrou, a donn\u00e9 raison \u00e0 ses deux ministres r\u00e9galiens, des hommes. Ainsi, le Gouvernement a r\u00e9affirm\u00e9 son soutien \u00e0 la proposition de loi s\u00e9natoriale qui pr\u00e9voit une telle interdiction, au m\u00e9pris du principe de la\u00efcit\u00e9, pourtant honteusement mis en avant. En 2004, la Commission Stasi, \u00e0 l\u2019origine de la loi du 15 mars 2004 contre le port de signes ostensibles \u00e0 l\u2019\u00e9cole, rappelait que cette loi ne saurait s\u2019imposer \u00e0 des adultes disposant de leurs droits et qui ne sont plus en phase d\u2019apprentissage du savoir, c\u2019est-\u00e0- dire au-del\u00e0 d\u2019une p\u00e9riode o\u00f9 ils doivent librement d\u00e9velopper leur esprit critique.<\/p>\n<p>Cette m\u00eame Commission, que personne n\u2019oserait qualifier\u00ab d\u2019islamo-gauchiste \u00bb ou de \u00ab na\u00efve face \u00e0 l\u2019entrisme fr\u00e9riste \u00bb, rappelait : \u00ab Les fondements du pacte social sont sap\u00e9s par un repli communautaire plus subi que voulu au sein de quartiers rel\u00e9gu\u00e9s par le d\u00e9veloppement de discriminations fond\u00e9es sur les origines. L\u2019existence de discriminations, reflet d\u2019un racisme persistant, contribue \u00e0 fragiliser la la\u00efcit\u00e9. La perte d\u2019identit\u00e9, vexatoire, fait douter de la r\u00e9alit\u00e9 de l\u2019\u00e9galit\u00e9 et du respect effectif de tous les hommes et femmes. Si la mention ou la marque suppos\u00e9e d\u2019une origine fait obstacle \u00e0 l\u2019insertion sociale, il ne faut pas s\u2019\u00e9tonner ensuite qu\u2019une sorte de conscience \u201cvictimaire\u201d conduise \u00e0 valoriser a contrario cette origine, voire \u00e0 la mythifier en exacerbant la diff\u00e9rence. La grandeur des principes ne saurait \u00eatre en aucun cas d\u00e9mentie par la bassesse des pratiques, sauf \u00e0 ouvrir la voie \u00e0 ceux qui exploitent les sentiments defrustration pour leurs desseins communautaristes. \u00bb<\/p>\n<p>Aujourd\u2019hui, donc, la France propose une l\u00e9gislation in\u00e9dite dans le monde, \u00e0 l\u2019exception des r\u00e9gimes nord-cor\u00e9en, iranien ou saoudien, au nom d\u2019une \u00ab la\u00efcit\u00e9 \u00bb d\u00e9voy\u00e9e, contraire \u00e0 la pens\u00e9e de ses fondateurs, Aristide Briand, Jean Jaur\u00e8s ou Georges Clemenceau, et tous ceux qui \u00e0 droite les ont rejoints pour l\u2019adoption de la loi du 9 d\u00e9cembre 1905 dont nous f\u00eatons les 120 ans. Ce ne sera pas faire honneur \u00e0 ce texte que d\u2019adopter une loi, dont l\u2019expos\u00e9 des motifs \u2013 qui affirme un continuum entre le port du voile et le terrorisme \u2013 est une insulte envers des millions de femmes. Voter une telle loi n\u2019est en rien \u00ab courageux \u00bb. C\u2019est au contraire le signe d\u2019un grand renoncement, pr\u00e9f\u00e9rant la simplicit\u00e9 contre-productive \u00e0 une action r\u00e9solue mais \u00e9lectoralement moins \u00ab payante \u00bb : renforcer la mixit\u00e9 socio-culturelle partout, en particulier dans le sport, pour lutter contre les replis au sein de quartiers s\u00e9gr\u00e9gu\u00e9s ou de conditionnements sociaux.<\/p>\n<p style=\"text-align: right;\">La Vigie de la La\u00efcit\u00e9<\/p>\n<p><span style=\"color: #0000ff;\">(1) publi\u00e9 le 18\/03\/2025 par Vigie de la La\u00efcit\u00e9 Avec Vigie de la La\u00efcit\u00e9<\/span><\/p>\n","protected":false},"excerpt":{"rendered":"<p>Le ministre de l\u2019Int\u00e9rieur, Bruno Retailleau, et le ministre de la Justice, G\u00e9rald Darmanin, se sont oppos\u00e9s \u00e0 la ministre des Sports, Marie Barsacq et \u00e0 la ministre de l\u2019\u00c9ducation nationale, ancienne Premi\u00e8re ministre, \u00c9lisabeth Borne, \u00e0 propos de l\u2019interdiction de tout signe ostensible dans le sport amateur, en comp\u00e9titions (en ciblant tout accessoire, m\u00eame &hellip; <a href=\"https:\/\/ledeleguelaique.fr\/?p=910\" class=\"more-link\">Continuer la lecture<span class=\"screen-reader-text\"> de &laquo;&nbsp;D\u00e9voiement de la la\u00efcit\u00e9 dans le sport : un cadeau fait aux s\u00e9paratistes (1)&nbsp;&raquo;<\/span><\/a><\/p>\n","protected":false},"author":1,"featured_media":911,"comment_status":"closed","ping_status":"closed","sticky":false,"template":"","format":"standard","meta":{"footnotes":""},"categories":[23],"tags":[],"_links":{"self":[{"href":"https:\/\/ledeleguelaique.fr\/index.php?rest_route=\/wp\/v2\/posts\/910"}],"collection":[{"href":"https:\/\/ledeleguelaique.fr\/index.php?rest_route=\/wp\/v2\/posts"}],"about":[{"href":"https:\/\/ledeleguelaique.fr\/index.php?rest_route=\/wp\/v2\/types\/post"}],"author":[{"embeddable":true,"href":"https:\/\/ledeleguelaique.fr\/index.php?rest_route=\/wp\/v2\/users\/1"}],"replies":[{"embeddable":true,"href":"https:\/\/ledeleguelaique.fr\/index.php?rest_route=%2Fwp%2Fv2%2Fcomments&post=910"}],"version-history":[{"count":3,"href":"https:\/\/ledeleguelaique.fr\/index.php?rest_route=\/wp\/v2\/posts\/910\/revisions"}],"predecessor-version":[{"id":914,"href":"https:\/\/ledeleguelaique.fr\/index.php?rest_route=\/wp\/v2\/posts\/910\/revisions\/914"}],"wp:featuredmedia":[{"embeddable":true,"href":"https:\/\/ledeleguelaique.fr\/index.php?rest_route=\/wp\/v2\/media\/911"}],"wp:attachment":[{"href":"https:\/\/ledeleguelaique.fr\/index.php?rest_route=%2Fwp%2Fv2%2Fmedia&parent=910"}],"wp:term":[{"taxonomy":"category","embeddable":true,"href":"https:\/\/ledeleguelaique.fr\/index.php?rest_route=%2Fwp%2Fv2%2Fcategories&post=910"},{"taxonomy":"post_tag","embeddable":true,"href":"https:\/\/ledeleguelaique.fr\/index.php?rest_route=%2Fwp%2Fv2%2Ftags&post=910"}],"curies":[{"name":"wp","href":"https:\/\/api.w.org\/{rel}","templated":true}]}}