{"id":906,"date":"2025-05-26T16:21:53","date_gmt":"2025-05-26T14:21:53","guid":{"rendered":"https:\/\/ledeleguelaique.fr\/?p=906"},"modified":"2025-05-26T16:21:53","modified_gmt":"2025-05-26T14:21:53","slug":"la-laicite-ce-nest-pas-le-racisme-cest-luniversalisme","status":"publish","type":"post","link":"https:\/\/ledeleguelaique.fr\/?p=906","title":{"rendered":"La la\u00efcit\u00e9 ce n\u2019est pas le racisme, c\u2019est l\u2019universalisme"},"content":{"rendered":"<p>Apparemment aujourd\u2019hui tout le monde est pour la La\u00efcit\u00e9, de l\u2019extr\u00eame-droite \u00e0 une certaine \u00ab<em>\u00a0Gauche<\/em>\u00a0\u00bb qui inclut notamment <strong>Manuel Valls<\/strong> en passant par <strong>Emmanuel Macron<\/strong> et <strong>Fran\u00e7ois Bayrou<\/strong>. Quand on voit leurs discours contre les Musulmans, d\u00e9sign\u00e9s comme l\u2019Ennemi public n\u00b01, il y a alors une tendance \u00e0 assimiler racisme et la\u00efcit\u00e9. Or, c&rsquo;est tout le contraire<\/p>\n<p>La vieille antienne de tous les racistes serait que<strong> l\u2019Islam<\/strong> est une religion \u00e0 part et \u00ab\u00a0<em>arri\u00e9r\u00e9e<\/em>\u00a0\u00bb, c\u2019est ce qui expliquerait qu\u2019on applique \u00e0 ses adeptes ou pr\u00e9suppos\u00e9s adeptes, un traitement particulier et discriminatoire. Il suffit de lire l\u2019ouvrage \u00ab\u00a0<strong><em>La Libre Pens\u00e9e dans le Monde arabo-musulman<\/em><\/strong>\u00a0\u00bb (voir pr\u00e9sentation ci-dessous) pour faire liti\u00e8re de cette ignominie raciste et x\u00e9nophobe.<\/p>\n<p>La <strong>R\u00e9volution fran\u00e7aise<\/strong> va poser le cadre juridique du traitement de toutes les religions, sans aucune discrimination. L\u2019Article 10 de la <em><strong>D\u00e9claration des Droits de l\u2019Homme et du Citoyen<\/strong><\/em> du 26 ao\u00fbt 1789 stipule une fois pour toute la conception de la la\u00efcit\u00e9\u00a0: \u00ab\u00a0<em>Nul ne doit \u00eatre inqui\u00e9t\u00e9 pour ses opinions, m\u00eame religieuses, pourvu que leur manifestation ne trouble pas l&rsquo;ordre public \u00e9tabli par la Loi.\u00a0<\/em>\u00bb Le \u00ab<em> Nul<\/em> \u00bb en question n&rsquo;a pas vocation \u00e0 s&rsquo;appliquer uniquement aux citoyens Fran\u00e7ais, mais bien \u00e0 l&rsquo;Humanit\u00e9 toute enti\u00e8re. Ce principe est donc bien universaliste et contraire \u00e0 toute id\u00e9e de racisme et de discrimination.<\/p>\n<p>La <em><strong>loi de 1905 de S\u00e9paration de <\/strong><\/em>TOUTES<em><strong> les \u00c9glises<\/strong><\/em> (religions) <em><strong>et de l\u2019\u00c9tat de 1905<\/strong><\/em> va poursuivre ce chemin en faisant en sorte que toutes les religions soient trait\u00e9es \u00e0 \u00e9galit\u00e9 par une non-reconnaissance par la puissance publique. \u00ab\u00a0<em>Reconnaissance<\/em>\u00a0\u00bb est un terme juridique qui ouvre des droits, par exemple quand des parents reconnaissent un enfant, ils lui ouvrent des droits et s\u2019imposent des devoirs envers lui.<\/p>\n<p>Le corollaire de cela est que les \u00ab croyants \u00bb de toutes les religions ont les m\u00eames droits que les non-croyants. Tous sont \u00e9gaux, il ne peut y avoir une quelconque discrimination du fait de croyances ou suppos\u00e9es croyances ou non-croyances. Tous les citoyennes et citoyens sont strictement \u00e0 \u00e9galit\u00e9. La La\u00efcit\u00e9 est la v\u00e9ritable synth\u00e8se des trois grands principes \u00e9tablis par la <strong>R\u00e9volution fran\u00e7aise<\/strong> et \u00e9tablis par la R\u00e9publique comme moyen : <strong>Libert\u00e9-\u00c9galit\u00e9-Fraternit\u00e9<\/strong>.<\/p>\n<p>C\u2019est pourquoi, la La\u00efcit\u00e9 est l\u2019antith\u00e8se absolue du racisme, car elle impose un traitement \u00e9galitaire \u00e0 tout le monde, sans aucune distinction. La La\u00efcit\u00e9 distingue la sph\u00e8re publique (\u00c9tat, administrations, collectivit\u00e9s publiques) o\u00f9 certaines r\u00e8gles de neutralit\u00e9 doivent \u00eatre respect\u00e9es, justement pour ne faire aucune discrimination de quelque sorte que ce soit\u00a0envers les citoyens et usagers ; et la sph\u00e8re priv\u00e9e (tout le reste) o\u00f9 chacun est libre d\u2019exprimer ses opinions de la mani\u00e8re qu\u2019il souhaite. La La\u00efcit\u00e9, c\u2019est la Libert\u00e9 mise en \u0153uvre effectivement.<\/p>\n<h2>La V\u00e8me R\u00e9publique est antila\u00efque par nature et par essence<\/h2>\n<p>La <strong>V\u00e8me R\u00e9publique<\/strong> est tout le contraire de ce principe. Par la <em><strong>l<\/strong><strong>oi Debr\u00e9 de 1959<\/strong><\/em>, elle favorise outrageusement <strong>l\u2019\u00c9glise catholique<\/strong> et son \u0153uvre principale\u00a0: l\u2019enseignement catholique financ\u00e9e sur les fonds publics (12 milliards chaque ann\u00e9e). Quand <strong>Lionel Jospin<\/strong>, Premier ministre en 2002 institue une <strong>instance de dialogue avec l\u2019\u00c9glise catholique<\/strong>, et uniquement avec la succursale du <strong>Vatican<\/strong> (d\u2019ailleurs le nonce apostolique, ambassadeur du \u00ab\u00a0<em>Saint-Si\u00e8ge<\/em>\u00a0\u00bb est membre officiel de cette instance), il favorise outrageusement le Catholicisme, au d\u00e9triment des autres religions, dont l\u2019Islam qui est la deuxi\u00e8me religion en France en termes de fid\u00e8les.<\/p>\n<p>Quand <strong>Emmanuel Macron<\/strong> re\u00e7oit \u00e0 l\u2019\u00c9lys\u00e9e le <strong>culte isra\u00e9lite<\/strong> et participe es-qualit\u00e9 \u00e0 une c\u00e9r\u00e9monie religieuse comme la <strong>Hanoucca<\/strong> ou quand il fait un discours comme <strong>Pr\u00e9sident de la R\u00e9publique<\/strong> dans la <strong>cath\u00e9drale catholique<\/strong> de Notre-Dame (ce qui est interdit par <em><strong>la loi de 1905<\/strong><\/em>), il viole la la\u00efcit\u00e9 et fait \u0153uvre de discrimination envers les autres religions, comme l\u2019<strong>Islam<\/strong>, le <strong>Protestantisme<\/strong>, le <strong>Bouddhisme<\/strong> et les <strong>Ath\u00e9es<\/strong> et <strong>Libres Penseurs<\/strong> qui n\u2019ont pas droit aux m\u00eames faveurs que le Catholicisme et le Juda\u00efsme.<\/p>\n<p><strong>L\u2019affaire Betharram<\/strong> a montr\u00e9 aux yeux de tous la discrimination institutionnelle antila\u00efque et raciste des gouvernements de la <strong>V\u00e8me R\u00e9publique<\/strong>. Il existe les pires turpitudes dans l\u2019enseignement catholique, chaque cas d\u00e9voil\u00e9 soul\u00e8ve l\u2019horreur et l\u2019indignation, il est financ\u00e9 massivement sur les fonds publics et n\u2019est jamais contr\u00f4l\u00e9 par la puissance publique, alors que les \u00e9coles priv\u00e9es musulmanes sont en proie \u00e0 un v\u00e9ritable harc\u00e8lement de contr\u00f4les, de r\u00e9pression, d\u2019intimidation en tous genres et ferm\u00e9es, m\u00eame ill\u00e9galement par le pouvoir.<\/p>\n<p>\u00ab\u00a0<em>Selon que vous serez musulmans ou pas, les jugements vous rendront noirs ou\u00a0blancs<\/em> \u00bb. Les violations de la La\u00efcit\u00e9 ne peuvent qu\u2019entrainer le racisme, car tous ne sont pas trait\u00e9s \u00e0 \u00e9galit\u00e9.<\/p>\n<p><strong>Christian Eyschen<\/strong><\/p>\n","protected":false},"excerpt":{"rendered":"<p>Apparemment aujourd\u2019hui tout le monde est pour la La\u00efcit\u00e9, de l\u2019extr\u00eame-droite \u00e0 une certaine \u00ab\u00a0Gauche\u00a0\u00bb qui inclut notamment Manuel Valls en passant par Emmanuel Macron et Fran\u00e7ois Bayrou. Quand on voit leurs discours contre les Musulmans, d\u00e9sign\u00e9s comme l\u2019Ennemi public n\u00b01, il y a alors une tendance \u00e0 assimiler racisme et la\u00efcit\u00e9. Or, c&rsquo;est tout &hellip; <a href=\"https:\/\/ledeleguelaique.fr\/?p=906\" class=\"more-link\">Continuer la lecture<span class=\"screen-reader-text\"> de &laquo;&nbsp;La la\u00efcit\u00e9 ce n\u2019est pas le racisme, c\u2019est l\u2019universalisme&nbsp;&raquo;<\/span><\/a><\/p>\n","protected":false},"author":1,"featured_media":56,"comment_status":"closed","ping_status":"closed","sticky":false,"template":"","format":"standard","meta":{"footnotes":""},"categories":[23],"tags":[],"_links":{"self":[{"href":"https:\/\/ledeleguelaique.fr\/index.php?rest_route=\/wp\/v2\/posts\/906"}],"collection":[{"href":"https:\/\/ledeleguelaique.fr\/index.php?rest_route=\/wp\/v2\/posts"}],"about":[{"href":"https:\/\/ledeleguelaique.fr\/index.php?rest_route=\/wp\/v2\/types\/post"}],"author":[{"embeddable":true,"href":"https:\/\/ledeleguelaique.fr\/index.php?rest_route=\/wp\/v2\/users\/1"}],"replies":[{"embeddable":true,"href":"https:\/\/ledeleguelaique.fr\/index.php?rest_route=%2Fwp%2Fv2%2Fcomments&post=906"}],"version-history":[{"count":3,"href":"https:\/\/ledeleguelaique.fr\/index.php?rest_route=\/wp\/v2\/posts\/906\/revisions"}],"predecessor-version":[{"id":909,"href":"https:\/\/ledeleguelaique.fr\/index.php?rest_route=\/wp\/v2\/posts\/906\/revisions\/909"}],"wp:featuredmedia":[{"embeddable":true,"href":"https:\/\/ledeleguelaique.fr\/index.php?rest_route=\/wp\/v2\/media\/56"}],"wp:attachment":[{"href":"https:\/\/ledeleguelaique.fr\/index.php?rest_route=%2Fwp%2Fv2%2Fmedia&parent=906"}],"wp:term":[{"taxonomy":"category","embeddable":true,"href":"https:\/\/ledeleguelaique.fr\/index.php?rest_route=%2Fwp%2Fv2%2Fcategories&post=906"},{"taxonomy":"post_tag","embeddable":true,"href":"https:\/\/ledeleguelaique.fr\/index.php?rest_route=%2Fwp%2Fv2%2Ftags&post=906"}],"curies":[{"name":"wp","href":"https:\/\/api.w.org\/{rel}","templated":true}]}}