{"id":900,"date":"2025-05-26T11:49:01","date_gmt":"2025-05-26T09:49:01","guid":{"rendered":"https:\/\/ledeleguelaique.fr\/?p=900"},"modified":"2025-05-26T11:52:26","modified_gmt":"2025-05-26T09:52:26","slug":"drapeaux-en-berne-sur-les-edifices-publics-et-presence-a-rome","status":"publish","type":"post","link":"https:\/\/ledeleguelaique.fr\/?p=900","title":{"rendered":"Drapeaux en berne sur les \u00e9difices publics et pr\u00e9sence \u00e0 Rome"},"content":{"rendered":"<h1><span style=\"color: #ff0000;\">Emmanuel Macron et Fran\u00e7ois Bayrou violent la loi de 1905 de S\u00e9paration<\/span><\/h1>\n<p>Aux termes de l&rsquo;article 1er de la<em><strong> Constitution du 4 octobre 1958<\/strong><\/em> \u00ab <em>La France est une R\u00e9publique indivisible, la\u00efque, d\u00e9mocratique et sociale.<\/em> \u00bb \u00c0 ceux de l&rsquo;article 2 de<strong> la loi du 9 d\u00e9cembre 1905 <\/strong>concernant <strong>la S\u00e9paration des \u00c9glises et de l&rsquo;\u00c9tat<\/strong> \u00ab <em>La R\u00e9publique ne reconna\u00eet, ne salarie ni ne subventionne aucun culte.<\/em> \u00bb En d\u00e9pit de ces dispositions, le Premier ministre, M. <strong>Fran\u00e7ois Bayrou<\/strong>, vient d&rsquo;annoncer la mise en berne des drapeaux sur les \u00e9difices publics \u00e0 l&rsquo;occasion des obs\u00e8ques du <strong>Pape, chef du culte romain<\/strong>, le 26 avril 2025.<\/p>\n<p>Cette d\u00e9cision constitue une violation caract\u00e9ris\u00e9e de la la\u00efcit\u00e9 en faveur de la religion catholique de la part du chef du Gouvernement qui en est un ardent fid\u00e8le, au point d&rsquo;avoir en permanence \u00e9touff\u00e9 des pratiques p\u00e9nalement r\u00e9pr\u00e9hensibles ayant eu lieu dans un \u00e9tablissement scolaire sous contrat du dioc\u00e8se de Pau.<\/p>\n<p>Au surplus, bien que le <strong>Vatican<\/strong> ne soit qu&rsquo;un pseudo-\u00c9tat, cr\u00e9e par le fasciste <strong>Mussolini<\/strong> en 1929, si\u00e9geant sur un strapontin d&rsquo;observateur \u00e0 <strong>l&rsquo;Organisation des Nations-Unies<\/strong>, le <strong>Pr\u00e9sident de la R\u00e9publique<\/strong>, flanqu\u00e9 des ministres de l&rsquo;Int\u00e9rieur et des Affaires \u00e9trang\u00e8res, pi\u00e9tinera \u00e9galement la <em><strong>loi de S\u00e9paration<\/strong> <\/em>en se rendant aux obs\u00e8ques de <strong>Jorge Bergoglio<\/strong>. Rappelons que le dit \u00ab <em><strong>Saint-Si\u00e8ge<\/strong> <\/em>\u00bb est quasiment le seul pays au monde o\u00f9 il n\u2019y a jamais eu d\u2019\u00e9lections d\u00e9mocratiques, o\u00f9 il est interdit de faire gr\u00e8ve et d\u2019\u00eatre syndiqu\u00e9, qui n\u2019a jamais ratifi\u00e9 la moindre d\u00e9claration sociale de l\u2019<strong>OIT<\/strong>, qui n\u2019a jamais ratifi\u00e9 non plus la <em><strong>D\u00e9claration universelle des Droits de l\u2019Homme<\/strong><\/em> et qui, comme \u00ab <em>l\u2019\u00c9tat<\/em> \u00bb d\u2019<strong>Isra\u00ebl<\/strong> et l\u2019<strong>Arabie-Saoudite<\/strong>, est une <strong>Th\u00e9ocratie<\/strong> o\u00f9 la nationalit\u00e9 est obtenue exclusivement par la religion officielle.<\/p>\n<p>Contrairement \u00e0 ce que M. <strong>Emmanuel Macron<\/strong> a soutenu dans son discours des Mureaux du 20 octobre 2020, annon\u00e7ant la <em><strong>loi liberticide<\/strong><\/em> dite \u00ab\u00a0<em><strong>S\u00e9paratisme\u00a0<\/strong><\/em>\u00bb <em><strong>du 24 ao\u00fbt 2021<\/strong><\/em> confortant le respect des principes de la R\u00e9publique, le S\u00e9paratisme ne se trouve pas du c\u00f4t\u00e9 des musulmans, mais bien des agents de l&rsquo;<strong>\u00c9glise romaine<\/strong> infiltr\u00e9s au c\u0153ur de la <strong>R\u00e9publique<\/strong>.<\/p>\n<p>La <strong>F\u00e9d\u00e9ration nationale de la Libre Pens\u00e9e<\/strong> d\u00e9nonce avec force ces d\u00e9rives cl\u00e9ricales et appelle les citoyens \u00e0 participer massivement au <strong>meeting national la\u00efque et international du 6 d\u00e9cembre 2025 au Gymnase Japy<\/strong> convoqu\u00e9 pour c\u00e9l\u00e9brer le <em><strong>cent-vingti\u00e8me anniversaire et d\u00e9fendre la loi du 9 d\u00e9cembre 1905.<\/strong><\/em><\/p>\n<p style=\"text-align: right;\">Paris, le 24 avril 2025<\/p>\n","protected":false},"excerpt":{"rendered":"<p>Emmanuel Macron et Fran\u00e7ois Bayrou violent la loi de 1905 de S\u00e9paration Aux termes de l&rsquo;article 1er de la Constitution du 4 octobre 1958 \u00ab La France est une R\u00e9publique indivisible, la\u00efque, d\u00e9mocratique et sociale. \u00bb \u00c0 ceux de l&rsquo;article 2 de la loi du 9 d\u00e9cembre 1905 concernant la S\u00e9paration des \u00c9glises et de &hellip; <a href=\"https:\/\/ledeleguelaique.fr\/?p=900\" class=\"more-link\">Continuer la lecture<span class=\"screen-reader-text\"> de &laquo;&nbsp;Drapeaux en berne sur les \u00e9difices publics et pr\u00e9sence \u00e0 Rome&nbsp;&raquo;<\/span><\/a><\/p>\n","protected":false},"author":1,"featured_media":903,"comment_status":"closed","ping_status":"closed","sticky":false,"template":"","format":"standard","meta":{"footnotes":""},"categories":[23],"tags":[],"_links":{"self":[{"href":"https:\/\/ledeleguelaique.fr\/index.php?rest_route=\/wp\/v2\/posts\/900"}],"collection":[{"href":"https:\/\/ledeleguelaique.fr\/index.php?rest_route=\/wp\/v2\/posts"}],"about":[{"href":"https:\/\/ledeleguelaique.fr\/index.php?rest_route=\/wp\/v2\/types\/post"}],"author":[{"embeddable":true,"href":"https:\/\/ledeleguelaique.fr\/index.php?rest_route=\/wp\/v2\/users\/1"}],"replies":[{"embeddable":true,"href":"https:\/\/ledeleguelaique.fr\/index.php?rest_route=%2Fwp%2Fv2%2Fcomments&post=900"}],"version-history":[{"count":2,"href":"https:\/\/ledeleguelaique.fr\/index.php?rest_route=\/wp\/v2\/posts\/900\/revisions"}],"predecessor-version":[{"id":902,"href":"https:\/\/ledeleguelaique.fr\/index.php?rest_route=\/wp\/v2\/posts\/900\/revisions\/902"}],"wp:featuredmedia":[{"embeddable":true,"href":"https:\/\/ledeleguelaique.fr\/index.php?rest_route=\/wp\/v2\/media\/903"}],"wp:attachment":[{"href":"https:\/\/ledeleguelaique.fr\/index.php?rest_route=%2Fwp%2Fv2%2Fmedia&parent=900"}],"wp:term":[{"taxonomy":"category","embeddable":true,"href":"https:\/\/ledeleguelaique.fr\/index.php?rest_route=%2Fwp%2Fv2%2Fcategories&post=900"},{"taxonomy":"post_tag","embeddable":true,"href":"https:\/\/ledeleguelaique.fr\/index.php?rest_route=%2Fwp%2Fv2%2Ftags&post=900"}],"curies":[{"name":"wp","href":"https:\/\/api.w.org\/{rel}","templated":true}]}}