{"id":867,"date":"2024-05-12T01:02:38","date_gmt":"2024-05-11T23:02:38","guid":{"rendered":"https:\/\/ledeleguelaique.fr\/?p=867"},"modified":"2024-05-12T01:02:38","modified_gmt":"2024-05-11T23:02:38","slug":"hommage-a-claude-dubois-dden-lors-de-ses-obseques-au-pere-lachaise","status":"publish","type":"post","link":"https:\/\/ledeleguelaique.fr\/?p=867","title":{"rendered":"Hommage \u00e0 Claude Dubois, DDEN, lors de ses obs\u00e8ques au P\u00e8re Lachaise."},"content":{"rendered":"<p>Madame, Monsieur, Chers amis, Chers Coll\u00e8gues, aux Repr\u00e9sentants des associations, de la Mairie<\/p>\n<p>Pour certains d\u2019entre vous, d\u2019entre nous <strong>Claude<\/strong> \u00e9tait une connaissance, un coll\u00e8gue\u2026 Pour d\u2019autres un ami, un parent, un mari<\/p>\n<p>Pour nous D\u00e9l\u00e9gu\u00e9 D\u00e9partementaux de l\u2019\u00c9ducation Nationale <strong>Claude<\/strong> \u00e9tait toujours l\u00e0, fid\u00e8le au poste membre du CA \u2013 il avait \u00e9t\u00e9 r\u00e9\u00e9lu en mars 2024 &#8211; \u2026il n\u2019en ratait aucun .<br \/>\nDepuis plus de 20 ans <strong>Claude<\/strong> d\u00e9fendait avec force et vigueur l\u2019\u00c9cole,\u00a0 \u00c9cole de la R\u00e9publique, \u00c9cole publique et la\u00efque<\/p>\n<p>La la\u00efcit\u00e9 pour lui, \u00e9tait une exigence, un objectif majeur pour que <strong>l\u2019\u00c9cole publique<\/strong> assume sa mission fondamentale d\u2019instruire les jeunes citoyens appel\u00e9s \u00e0 devenir ma\u00eetres de leur destin et capables d\u2019autonomie de jugement pour leur \u00e9mancipation.<\/p>\n<p><strong>Claude<\/strong> \u00e0 travers sa fonction de <strong>DDEN<\/strong> contribuait \u00e0 ce que l\u2019\u00e9colier devienne un citoyen libre et responsable, fier de son \u00e9cole.<\/p>\n<p>Il nous faudra certainement du temps avant de r\u00e9aliser que <strong>Claude<\/strong> parti, nous ne referons plus jamais le monde tout \u00e0 fait comme avant, que n\u2019aurons plus nos discussions interminables, nos petites chamailleries. \u00a0Il ne se passait pas une semaine sans que nous \u00e9changions au t\u00e9l\u00e9phone ou par messagerie sur le manque de fermet\u00e9 de nos dirigeant quant la r\u00e9solution les difficult\u00e9s de l\u2019\u00c9cole\u2026.<\/p>\n<p>\u00ab\u00a0<em>L\u2019Instruction vise \u00e0 transmettre des savoirs et \u00e0 cultiver la raison<\/em>.\u00a0\u00bb (Nicolas de Condorcet).<br \/>\n<em>L\u2019\u00c9tat, en mati\u00e8re d\u2019enseignement, n\u2019est, ne peut \u00eatre autre chose que la\u00efque. (<strong>Victor Hugo<\/strong> &#8211; 1850)<\/em><\/p>\n<blockquote><p>Je renouvelle ma candidature au Conseil Administration de l\u2019Union des DDEN de Paris, pour d\u00e9fendre du mieux possible l\u2019\u00c9cole la\u00efque.<\/p>\n<p>A Paris le 15 f\u00e9vrier 2024, Claude Dubois<\/p><\/blockquote>\n<p>\u00c0 sa famille, ses proches, ses amis, ses camarades, nous apportons tout notre salut fraternel et respectueux.<\/p>\n<p>Excuses\u00a0: <strong>Josette Dumaine<\/strong> Secr\u00e9taire G\u00e9n\u00e9rale, <strong>Jean-Pierre Leroux<\/strong> membre du CA ex Vice-Pr\u00e9sident, <strong>Dominique Blanc<\/strong> Membre du CA<br \/>\n<strong>M.Patrick Bloche<\/strong> Adj Maire de Paris en charge de l\u2019\u00c9ducation<br \/>\n<strong>M. Fran\u00e7ois Vauglin<\/strong> Maire du XI\u00e8me arrondissement<\/p>\n<p style=\"text-align: center;\">\u00b00\u00b0<\/p>\n<h2>Hommage \u00e0 notre ami Claude Dubois, DDEN \u00e0 Paris, militant la\u00efque, D\u00e9c\u00e9d\u00e9 le 22 avril 2024<\/h2>\n<p>Le lundi 22 avril 2024, en pleine r\u00e9union du Conseil d\u2019Administration de l&rsquo;Union D\u00e9partementale de Paris des DDEN, <strong>Claude<\/strong> a \u00e9t\u00e9 terrass\u00e9 par une crise cardiaque et d\u00e9c\u00e8de.<\/p>\n<p>A cette r\u00e9union, <strong>Claude<\/strong> avait propos\u00e9 un projet de r\u00e9solution pour s\u2019adresser aux enseignants, lyc\u00e9ens, parents d\u2019\u00e9l\u00e8ves et les Associations la\u00efques.<\/p>\n<p>La r\u00e9solution s\u2019appuyait sur l\u2019Appel national unitaire \u201c<em>Il est urgent que la R\u00e9publique soutienne pleinement son \u00e9cole publique, la seule de toute la jeunesse vivant dans ce pays<\/em>\u00a0\u00bb sign\u00e9 par la plupart des organisations et Associations la\u00efques du pays.<\/p>\n<p>Son projet de r\u00e9solution proposait de s&rsquo;adresser \u00e0 toutes les organisations signataires au niveau parisien pour se r\u00e9unir ensemble, en vue de constituer \u201cun front des la\u00efques afin de faire face ensemble aux attaques venant de toutes parts : choc des savoirs, fermetures de postes, <strong>loi Rilhac 1 et 2<\/strong>, projet de<strong> loi Brisson<\/strong>. Il inscrivait cette volont\u00e9 de rassemblement des la\u00efques dans la perspective de l&rsquo;abrogation de la <strong>loi Debr\u00e9<\/strong> et du respect du <strong>Serment de Vincennes<\/strong> : \u00ab\u00a0<em><strong>A fonds publics \u00e9cole publique, \u00e0 fonds priv\u00e9s \u00e9cole priv\u00e9es<\/strong><\/em>\u00ab\u00a0.<\/p>\n<p>Cette proposition a fait l&rsquo;unanimit\u00e9 du CA.<\/p>\n<p>A cette m\u00eame r\u00e9union, Claude avait \u00e9t\u00e9 \u00e9lu Secr\u00e9taire g\u00e9n\u00e9ral adjoint de <strong>l&rsquo;UD des DDEN de Paris<\/strong>.<\/p>\n<p><strong>Claude<\/strong> avait ses convictions et les d\u00e9fendait, mais sans sectarisme et avec le souci constant d\u2019\u00e9changes fraternels et respectueux des uns et des autres.<\/p>\n<p>Il va nous manquer. Il va manquer \u00e0 l\u2019\u00e9cole la\u00efque. Il va manquer \u00e0 l\u2019\u00c9ducation Nationale et au mouvement la\u00efque dont il souhaitait le rassemblement unitaire.<\/p>\n<p>Nous continuerons son combat, c\u2019est la meilleure fa\u00e7on de lui rendre hommage parce c\u2019est ce qu\u2019il aurait voulu.<\/p>\n<p><strong>Gali Harroch, DDEN, Paris,<\/strong><br \/>\n<strong>Vice-Pr\u00e9sident de l\u2019Union des DDEN de Paris.<\/strong><\/p>\n","protected":false},"excerpt":{"rendered":"<p>Madame, Monsieur, Chers amis, Chers Coll\u00e8gues, aux Repr\u00e9sentants des associations, de la Mairie Pour certains d\u2019entre vous, d\u2019entre nous Claude \u00e9tait une connaissance, un coll\u00e8gue\u2026 Pour d\u2019autres un ami, un parent, un mari Pour nous D\u00e9l\u00e9gu\u00e9 D\u00e9partementaux de l\u2019\u00c9ducation Nationale Claude \u00e9tait toujours l\u00e0, fid\u00e8le au poste membre du CA \u2013 il avait \u00e9t\u00e9 r\u00e9\u00e9lu &hellip; <a href=\"https:\/\/ledeleguelaique.fr\/?p=867\" class=\"more-link\">Continuer la lecture<span class=\"screen-reader-text\"> de &laquo;&nbsp;Hommage \u00e0 Claude Dubois, DDEN, lors de ses obs\u00e8ques au P\u00e8re Lachaise.&nbsp;&raquo;<\/span><\/a><\/p>\n","protected":false},"author":1,"featured_media":868,"comment_status":"closed","ping_status":"closed","sticky":false,"template":"","format":"standard","meta":{"footnotes":""},"categories":[22],"tags":[],"_links":{"self":[{"href":"https:\/\/ledeleguelaique.fr\/index.php?rest_route=\/wp\/v2\/posts\/867"}],"collection":[{"href":"https:\/\/ledeleguelaique.fr\/index.php?rest_route=\/wp\/v2\/posts"}],"about":[{"href":"https:\/\/ledeleguelaique.fr\/index.php?rest_route=\/wp\/v2\/types\/post"}],"author":[{"embeddable":true,"href":"https:\/\/ledeleguelaique.fr\/index.php?rest_route=\/wp\/v2\/users\/1"}],"replies":[{"embeddable":true,"href":"https:\/\/ledeleguelaique.fr\/index.php?rest_route=%2Fwp%2Fv2%2Fcomments&post=867"}],"version-history":[{"count":1,"href":"https:\/\/ledeleguelaique.fr\/index.php?rest_route=\/wp\/v2\/posts\/867\/revisions"}],"predecessor-version":[{"id":869,"href":"https:\/\/ledeleguelaique.fr\/index.php?rest_route=\/wp\/v2\/posts\/867\/revisions\/869"}],"wp:featuredmedia":[{"embeddable":true,"href":"https:\/\/ledeleguelaique.fr\/index.php?rest_route=\/wp\/v2\/media\/868"}],"wp:attachment":[{"href":"https:\/\/ledeleguelaique.fr\/index.php?rest_route=%2Fwp%2Fv2%2Fmedia&parent=867"}],"wp:term":[{"taxonomy":"category","embeddable":true,"href":"https:\/\/ledeleguelaique.fr\/index.php?rest_route=%2Fwp%2Fv2%2Fcategories&post=867"},{"taxonomy":"post_tag","embeddable":true,"href":"https:\/\/ledeleguelaique.fr\/index.php?rest_route=%2Fwp%2Fv2%2Ftags&post=867"}],"curies":[{"name":"wp","href":"https:\/\/api.w.org\/{rel}","templated":true}]}}