{"id":862,"date":"2024-05-12T00:49:17","date_gmt":"2024-05-11T22:49:17","guid":{"rendered":"https:\/\/ledeleguelaique.fr\/?p=862"},"modified":"2024-05-13T14:15:15","modified_gmt":"2024-05-13T12:15:15","slug":"1-a-tous-les-laiques-ecole-publique-fonds-publics-ecoles-privees-fonds-prives-plan-de-sortie-du-financement-public-a-lenseignement-prive-proposition-de-la-libre-pensee-a-tous-les-laiques","status":"publish","type":"post","link":"https:\/\/ledeleguelaique.fr\/?p=862","title":{"rendered":"\u00c0 tous les La\u00efques : \u00ab\u00a0\u00c9cole publique fonds publics, \u00c9coles priv\u00e9es fonds priv\u00e9s\u00a0\u00bb. Plan de sortie du financement public \u00e0 l&rsquo;enseignement priv\u00e9. Proposition de la Libre Pens\u00e9e A tous les La\u00efques + Plan de sortie de la loi Debr\u00e9"},"content":{"rendered":"<h2 style=\"text-align: center;\">A tous les La\u00efques rest\u00e9s fid\u00e8les au Serment de Vincennes\u00a0:<\/h2>\n<h1 style=\"text-align: center;\">\u00ab\u00a0Fonds publics \u00e0 l\u2019\u00c9cole publique, fonds priv\u00e9s \u00e0 l\u2019\u00e9cole priv\u00e9e\u00a0\u00bb<\/h1>\n<h2 style=\"text-align: center;\">et pour l\u2019abrogation de la Loi Debr\u00e9.<\/h2>\n<h1><span style=\"color: #ff0000;\">Pour en finir avec le financement public de l\u2019enseignement priv\u00e9<\/span><\/h1>\n<p><strong>La F\u00e9d\u00e9ration nationale de la Libre Pens\u00e9e<\/strong> propose \u00e0 la discussion de tous un p<strong>lan de sortie en six ans du financement public de l\u2019enseignement priv\u00e9<\/strong>, avec pour objectif d\u2019abroger la<strong> loi Debr\u00e9<\/strong> et de rendre \u00e0 <strong>l\u2019Enseignement public<\/strong> tous les moyens de fonctionnement qui devraient lui \u00eatre destin\u00e9s.<\/p>\n<p>Vous trouverez aussi en annexe deux Projets\/Proposition de loi pour mettre en \u0153uvre ce plan de sortie.<\/p>\n<p>Il y a un parall\u00e8le historique \u00e0 faire\u00a0: quand la <strong>IIIe R\u00e9publique<\/strong> a d\u00e9cid\u00e9 de <strong>la\u00efciser l\u2019enseignement public<\/strong>, <strong>les services publics<\/strong> en 1882, 1884, 1886, puis <strong>l\u2019\u00c9tat<\/strong> et <strong>les Institutions<\/strong> par <strong>la loi de S\u00e9paration des \u00c9glises et de l\u2019\u00c9tat<\/strong> en 1905, elle mit en \u0153uvre un plan de sortie du religieux, car tout ne pouvait se faire imm\u00e9diatement. Elle marquait ainsi <strong>sa volont\u00e9 politique<\/strong> de faire triompher la <strong>La\u00efcit\u00e9<\/strong>.<\/p>\n<p>Nous suivons cette d\u00e9marche historique et la\u00efque.<\/p>\n<p>Nous attendons vos avis et suggestions.<\/p>\n<p>Amicalement<\/p>\n<h3>La F\u00e9d\u00e9ration nationale de la Libre Pens\u00e9e<\/h3>\n<div id=\"wppdfemb-frame-container-2\"><iframe id=\"wppdf-emb-iframe-2\" scrolling=\"no\" data-pdf-index=\"2\" class=\"pdfembed-iframe nonfullscreen\" style=\"border: none; width:100%; max-width: 100%; min-height: 1000px;\" src=\"https:\/\/ledeleguelaique.fr?url=https%3A%2F%2Fledeleguelaique.fr%2Fwp-content%2Fuploads%2F2024%2F05%2FPLAN-DE-SORTIE-DE-LA-LOI-DEBRE-AVEC-2-PPL-pour-fusion.pdf&title=PLAN+DE+SORTIE+DE+LA+LOI+DEBRE+AVEC+2+PPL+-+pour+fusion&pdfID=2&index=2\" ><\/iframe><\/div>\n<p><a href=\"https:\/\/ledeleguelaique.fr\/wp-content\/uploads\/2024\/05\/PLAN-DE-SORTIE-DE-LA-LOI-DEBRE-AVEC-2-PPL-pour-fusion.pdf\" target=\"_blank\" rel=\"noopener\">TELECHARGER AU FORMAT PDF<\/a><\/p>\n","protected":false},"excerpt":{"rendered":"<p>A tous les La\u00efques rest\u00e9s fid\u00e8les au Serment de Vincennes\u00a0: \u00ab\u00a0Fonds publics \u00e0 l\u2019\u00c9cole publique, fonds priv\u00e9s \u00e0 l\u2019\u00e9cole priv\u00e9e\u00a0\u00bb et pour l\u2019abrogation de la Loi Debr\u00e9. Pour en finir avec le financement public de l\u2019enseignement priv\u00e9 La F\u00e9d\u00e9ration nationale de la Libre Pens\u00e9e propose \u00e0 la discussion de tous un plan de sortie en &hellip; <a href=\"https:\/\/ledeleguelaique.fr\/?p=862\" class=\"more-link\">Continuer la lecture<span class=\"screen-reader-text\"> de &laquo;&nbsp;\u00c0 tous les La\u00efques : \u00ab\u00a0\u00c9cole publique fonds publics, \u00c9coles priv\u00e9es fonds priv\u00e9s\u00a0\u00bb. Plan de sortie du financement public \u00e0 l&rsquo;enseignement priv\u00e9. Proposition de la Libre Pens\u00e9e A tous les La\u00efques + Plan de sortie de la loi Debr\u00e9&nbsp;&raquo;<\/span><\/a><\/p>\n","protected":false},"author":1,"featured_media":865,"comment_status":"closed","ping_status":"closed","sticky":false,"template":"","format":"standard","meta":{"footnotes":""},"categories":[22],"tags":[],"_links":{"self":[{"href":"https:\/\/ledeleguelaique.fr\/index.php?rest_route=\/wp\/v2\/posts\/862"}],"collection":[{"href":"https:\/\/ledeleguelaique.fr\/index.php?rest_route=\/wp\/v2\/posts"}],"about":[{"href":"https:\/\/ledeleguelaique.fr\/index.php?rest_route=\/wp\/v2\/types\/post"}],"author":[{"embeddable":true,"href":"https:\/\/ledeleguelaique.fr\/index.php?rest_route=\/wp\/v2\/users\/1"}],"replies":[{"embeddable":true,"href":"https:\/\/ledeleguelaique.fr\/index.php?rest_route=%2Fwp%2Fv2%2Fcomments&post=862"}],"version-history":[{"count":5,"href":"https:\/\/ledeleguelaique.fr\/index.php?rest_route=\/wp\/v2\/posts\/862\/revisions"}],"predecessor-version":[{"id":881,"href":"https:\/\/ledeleguelaique.fr\/index.php?rest_route=\/wp\/v2\/posts\/862\/revisions\/881"}],"wp:featuredmedia":[{"embeddable":true,"href":"https:\/\/ledeleguelaique.fr\/index.php?rest_route=\/wp\/v2\/media\/865"}],"wp:attachment":[{"href":"https:\/\/ledeleguelaique.fr\/index.php?rest_route=%2Fwp%2Fv2%2Fmedia&parent=862"}],"wp:term":[{"taxonomy":"category","embeddable":true,"href":"https:\/\/ledeleguelaique.fr\/index.php?rest_route=%2Fwp%2Fv2%2Fcategories&post=862"},{"taxonomy":"post_tag","embeddable":true,"href":"https:\/\/ledeleguelaique.fr\/index.php?rest_route=%2Fwp%2Fv2%2Ftags&post=862"}],"curies":[{"name":"wp","href":"https:\/\/api.w.org\/{rel}","templated":true}]}}