{"id":858,"date":"2024-05-12T00:38:50","date_gmt":"2024-05-11T22:38:50","guid":{"rendered":"https:\/\/ledeleguelaique.fr\/?p=858"},"modified":"2024-05-12T08:21:29","modified_gmt":"2024-05-12T06:21:29","slug":"resolution-laicite-du-cneser-une-salutaire-clarification","status":"publish","type":"post","link":"https:\/\/ledeleguelaique.fr\/?p=858","title":{"rendered":"r\u00e9solution la\u00efcit\u00e9 du CNESER : une salutaire clarification."},"content":{"rendered":"<p>Le CNESER (<span class=\"BxUVEf ILfuVd\" lang=\"fr\"><span class=\"hgKElc\"><b>Le Conseil national de l&rsquo;enseignement sup\u00e9rieur et de la recherche<\/b><\/span><\/span>) du 18 mai 2015 avait notamment \u00e0 son ordre du jour le vote d\u2019une motion sur la la\u00efcit\u00e9, \u00e0 l\u2019initiative de la Conf\u00e9rence des Pr\u00e9sidents d\u2019Universit\u00e9 (CPU).<br \/>\nDe nombreux membres du CNESER ont contribu\u00e9 \u00e0 sa r\u00e9daction finale.<br \/>\nLa motion a donc \u00e9t\u00e9 vot\u00e9e par 37 voix pour, 0 contre, 3 abstentions, 1 refus de vote, en pr\u00e9sence de la Ministre de l\u2019Enseignement Sup\u00e9rieur et de la Recherche.<br \/>\nForce Ouvri\u00e8re, qui avait appel\u00e9 \u00e0 voter pour la motion, se f\u00e9licite de ce r\u00e9sultat<\/p>\n<div id=\"wppdfemb-frame-container-2\"><iframe id=\"wppdf-emb-iframe-2\" scrolling=\"no\" data-pdf-index=\"2\" class=\"pdfembed-iframe nonfullscreen\" style=\"border: none; width:100%; max-width: 100%; min-height: 1000px;\" src=\"https:\/\/ledeleguelaique.fr?url=https%3A%2F%2Fledeleguelaique.fr%2Fwp-content%2Fuploads%2F2024%2F05%2F15_05_18-CNESER-Motion-laique.pdf&title=15_05_18+CNESER+Motion+laique&pdfID=2&index=2\" ><\/iframe><\/div>\n","protected":false},"excerpt":{"rendered":"<p>Le CNESER (Le Conseil national de l&rsquo;enseignement sup\u00e9rieur et de la recherche) du 18 mai 2015 avait notamment \u00e0 son ordre du jour le vote d\u2019une motion sur la la\u00efcit\u00e9, \u00e0 l\u2019initiative de la Conf\u00e9rence des Pr\u00e9sidents d\u2019Universit\u00e9 (CPU). De nombreux membres du CNESER ont contribu\u00e9 \u00e0 sa r\u00e9daction finale. La motion a donc \u00e9t\u00e9 &hellip; <a href=\"https:\/\/ledeleguelaique.fr\/?p=858\" class=\"more-link\">Continuer la lecture<span class=\"screen-reader-text\"> de &laquo;&nbsp;r\u00e9solution la\u00efcit\u00e9 du CNESER : une salutaire clarification.&nbsp;&raquo;<\/span><\/a><\/p>\n","protected":false},"author":1,"featured_media":860,"comment_status":"closed","ping_status":"closed","sticky":false,"template":"","format":"standard","meta":{"footnotes":""},"categories":[22],"tags":[],"_links":{"self":[{"href":"https:\/\/ledeleguelaique.fr\/index.php?rest_route=\/wp\/v2\/posts\/858"}],"collection":[{"href":"https:\/\/ledeleguelaique.fr\/index.php?rest_route=\/wp\/v2\/posts"}],"about":[{"href":"https:\/\/ledeleguelaique.fr\/index.php?rest_route=\/wp\/v2\/types\/post"}],"author":[{"embeddable":true,"href":"https:\/\/ledeleguelaique.fr\/index.php?rest_route=\/wp\/v2\/users\/1"}],"replies":[{"embeddable":true,"href":"https:\/\/ledeleguelaique.fr\/index.php?rest_route=%2Fwp%2Fv2%2Fcomments&post=858"}],"version-history":[{"count":1,"href":"https:\/\/ledeleguelaique.fr\/index.php?rest_route=\/wp\/v2\/posts\/858\/revisions"}],"predecessor-version":[{"id":861,"href":"https:\/\/ledeleguelaique.fr\/index.php?rest_route=\/wp\/v2\/posts\/858\/revisions\/861"}],"wp:featuredmedia":[{"embeddable":true,"href":"https:\/\/ledeleguelaique.fr\/index.php?rest_route=\/wp\/v2\/media\/860"}],"wp:attachment":[{"href":"https:\/\/ledeleguelaique.fr\/index.php?rest_route=%2Fwp%2Fv2%2Fmedia&parent=858"}],"wp:term":[{"taxonomy":"category","embeddable":true,"href":"https:\/\/ledeleguelaique.fr\/index.php?rest_route=%2Fwp%2Fv2%2Fcategories&post=858"},{"taxonomy":"post_tag","embeddable":true,"href":"https:\/\/ledeleguelaique.fr\/index.php?rest_route=%2Fwp%2Fv2%2Ftags&post=858"}],"curies":[{"name":"wp","href":"https:\/\/api.w.org\/{rel}","templated":true}]}}