{"id":851,"date":"2024-05-12T00:27:18","date_gmt":"2024-05-11T22:27:18","guid":{"rendered":"https:\/\/ledeleguelaique.fr\/?p=851"},"modified":"2024-05-12T00:27:18","modified_gmt":"2024-05-11T22:27:18","slug":"declaration-commune-de-la-ligue-de-lenseignement-et-de-la-federation-nationale-de-la-libre-pensee","status":"publish","type":"post","link":"https:\/\/ledeleguelaique.fr\/?p=851","title":{"rendered":"D\u00e9claration commune de la Ligue de l\u2019Enseignement et de la F\u00e9d\u00e9ration Nationale de la Libre Pens\u00e9e"},"content":{"rendered":"<blockquote><p>La <strong>F\u00e9d\u00e9ration Nationale de la Libre Pens\u00e9e<\/strong> et la<strong> Ligue de l\u2019Enseignement<\/strong> se sont rencontr\u00e9es \u00e0 Paris le <strong>7 juillet 2006<\/strong> afin de faire le point sur la situation qui pr\u00e9vaut aujourd\u2019hui en mati\u00e8re de la\u00efcit\u00e9. Nos deux organisations, parmi les plus anciennes du mouvement la\u00efque fran\u00e7ais, sont porteuses d\u2019identit\u00e9s et de projets diff\u00e9rents, mais fond\u00e9s sur les m\u00eames valeurs. Notre histoire a parfois \u00e9t\u00e9 tumultueuse. Les d\u00e9bats et les confrontations, parfois virulents, en font partie int\u00e9grante, tout comme les combats men\u00e9s en commun au service d\u2019une la\u00efcisation de la soci\u00e9t\u00e9 et des institutions r\u00e9publicaines. Aujourd\u2019hui, au moment o\u00f9 surgissent diverses interrogations, nous constatons ensemble la n\u00e9cessit\u00e9 de confronter nos analyses et de rechercher les convergences.<\/p><\/blockquote>\n<div id=\"wppdfemb-frame-container-2\"><iframe id=\"wppdf-emb-iframe-2\" scrolling=\"no\" data-pdf-index=\"2\" class=\"pdfembed-iframe nonfullscreen\" style=\"border: none; width:100%; max-width: 100%; min-height: 1000px;\" src=\"https:\/\/ledeleguelaique.fr?url=https%3A%2F%2Fledeleguelaique.fr%2Fwp-content%2Fuploads%2F2024%2F05%2FLigue-FNLP-d%E2%80%9Aclaration-commune-2006.pdf&title=Ligue+FNLP+d%E2%80%9Aclaration+commune+2006&pdfID=2&index=2\" ><\/iframe><\/div>\n<p><a href=\"https:\/\/ledeleguelaique.fr\/wp-content\/uploads\/2024\/05\/Ligue-FNLP-d\u201aclaration-commune-2006.pdf\" target=\"_blank\" rel=\"noopener\">TELECHARGER AU FORMAT PDF<\/a><\/p>\n","protected":false},"excerpt":{"rendered":"<p>La F\u00e9d\u00e9ration Nationale de la Libre Pens\u00e9e et la Ligue de l\u2019Enseignement se sont rencontr\u00e9es \u00e0 Paris le 7 juillet 2006 afin de faire le point sur la situation qui pr\u00e9vaut aujourd\u2019hui en mati\u00e8re de la\u00efcit\u00e9. Nos deux organisations, parmi les plus anciennes du mouvement la\u00efque fran\u00e7ais, sont porteuses d\u2019identit\u00e9s et de projets diff\u00e9rents, mais &hellip; <a href=\"https:\/\/ledeleguelaique.fr\/?p=851\" class=\"more-link\">Continuer la lecture<span class=\"screen-reader-text\"> de &laquo;&nbsp;D\u00e9claration commune de la Ligue de l\u2019Enseignement et de la F\u00e9d\u00e9ration Nationale de la Libre Pens\u00e9e&nbsp;&raquo;<\/span><\/a><\/p>\n","protected":false},"author":1,"featured_media":56,"comment_status":"closed","ping_status":"closed","sticky":false,"template":"","format":"standard","meta":{"footnotes":""},"categories":[22],"tags":[],"_links":{"self":[{"href":"https:\/\/ledeleguelaique.fr\/index.php?rest_route=\/wp\/v2\/posts\/851"}],"collection":[{"href":"https:\/\/ledeleguelaique.fr\/index.php?rest_route=\/wp\/v2\/posts"}],"about":[{"href":"https:\/\/ledeleguelaique.fr\/index.php?rest_route=\/wp\/v2\/types\/post"}],"author":[{"embeddable":true,"href":"https:\/\/ledeleguelaique.fr\/index.php?rest_route=\/wp\/v2\/users\/1"}],"replies":[{"embeddable":true,"href":"https:\/\/ledeleguelaique.fr\/index.php?rest_route=%2Fwp%2Fv2%2Fcomments&post=851"}],"version-history":[{"count":1,"href":"https:\/\/ledeleguelaique.fr\/index.php?rest_route=\/wp\/v2\/posts\/851\/revisions"}],"predecessor-version":[{"id":853,"href":"https:\/\/ledeleguelaique.fr\/index.php?rest_route=\/wp\/v2\/posts\/851\/revisions\/853"}],"wp:featuredmedia":[{"embeddable":true,"href":"https:\/\/ledeleguelaique.fr\/index.php?rest_route=\/wp\/v2\/media\/56"}],"wp:attachment":[{"href":"https:\/\/ledeleguelaique.fr\/index.php?rest_route=%2Fwp%2Fv2%2Fmedia&parent=851"}],"wp:term":[{"taxonomy":"category","embeddable":true,"href":"https:\/\/ledeleguelaique.fr\/index.php?rest_route=%2Fwp%2Fv2%2Fcategories&post=851"},{"taxonomy":"post_tag","embeddable":true,"href":"https:\/\/ledeleguelaique.fr\/index.php?rest_route=%2Fwp%2Fv2%2Ftags&post=851"}],"curies":[{"name":"wp","href":"https:\/\/api.w.org\/{rel}","templated":true}]}}