{"id":628,"date":"2022-07-07T00:08:27","date_gmt":"2022-07-06T22:08:27","guid":{"rendered":"https:\/\/ledeleguelaique.fr\/?p=628"},"modified":"2022-07-07T00:08:27","modified_gmt":"2022-07-06T22:08:27","slug":"recu-sur-le-site-du-delegue-laique","status":"publish","type":"post","link":"https:\/\/ledeleguelaique.fr\/?p=628","title":{"rendered":"Re\u00e7u sur le site du D\u00e9l\u00e9gu\u00e9 la\u00efque"},"content":{"rendered":"<p><strong>Lettre de d\u00e9mission<\/strong><\/p>\n<p><em>Monsieur le directeur des services d\u00e9partementaux de l\u2019\u00c9ducation nationale du Cher<\/em><\/p>\n<p><em>Suite \u00e0 un d\u00e9saccord sur le mode de gouvernance de la F\u00e9d\u00e9ration des D\u00e9l\u00e9gu\u00e9s d\u00e9partementaux de \u00c9ducation nationale, j&rsquo;ai donn\u00e9 ma d\u00e9mission \u00e0 l&rsquo;Union d\u00e9partementale du Cher d\u00e9l\u00e9gation de Vierzon.<\/em><\/p>\n<p><em>L\u2019article D241-28 du code de l&rsquo;\u00e9ducation indiquant que<br \/>\n\u00ab\u00a0Les d\u00e9l\u00e9gu\u00e9s de chaque circonscription forment une d\u00e9l\u00e9gation\u00bb, je souhaiterais savoir plus pr\u00e9cis\u00e9ment si cette d\u00e9cision entra\u00eene ipso facto ma radiation des DDEN que vous avez nomm\u00e9s en d\u00e9but d&rsquo;ann\u00e9e scolaire.<\/em><\/p>\n<p><em>Je vous prie, Monsieur le Directeur, d\u2019\u00eatre assur\u00e9 de mon meilleur concours au service des \u00e9l\u00e8ves des \u00e9coles m\u2019ayant \u00e9t\u00e9 confi\u00e9es (Massay, rpi Lazenay-Chery-Cerbois)<\/em><\/p>\n<p><em><br \/>\n<\/em><strong><em>Monsieur S.,<br \/>\n&#8211; ancien directeur \u00e0 Paris (21 ans),<br \/>\n&#8211; ancien charg\u00e9 de mission aupr\u00e8s de l&rsquo;IA Paris (1997)<br \/>\n&#8211; ancien membre du Conseil d&rsquo;administration de l\u2019ex-CRDP Paris.<\/em><\/strong><\/p>\n<p><strong>\u00a0<\/strong>\u00a0\u25ba\u25bc\u25b2\u25c4<\/p>\n<p><strong>R\u00e9ponse de l\u2019Inspection acad\u00e9mique<\/strong><\/p>\n<p><em>Monsieur S\u2026.,<\/em><\/p>\n<p><em>\u00a0<\/em><em>Vous m&rsquo;avez interpel\u00e9 le 16 avril dernier quant \u00e0 l&rsquo;existence d&rsquo;un diff\u00e9rend qui vous a conduit \u00e0 rompre avec la F\u00e9d\u00e9ration qui anime le r\u00e9seau de d\u00e9l\u00e9gu\u00e9s d\u00e9partementaux de l\u2019\u00c9ducation nationale, plus pr\u00e9cis\u00e9ment avec <strong>l&rsquo;Union d\u00e9partementale<\/strong> sur le bassin de Vierzon.<\/em><\/p>\n<p><em>\u00a0<\/em><em>Dans la mesure o\u00f9 je tiens \u00e0 ce que les d\u00e9l\u00e9gu\u00e9s d\u00e9partementaux puissent adopter une ligne de conduite coh\u00e9rente, sur le fondement des articles D241-27 et 241-28 du <strong>Code de l&rsquo;\u00e9ducation<\/strong>, je vous informe que j&rsquo;envisage de mettre un terme \u00e0 votre mandat le 31 ao\u00fbt 2022. Sans grief \u00e0 votre encontre, ma d\u00e9cision est motiv\u00e9e par l&rsquo;int\u00e9r\u00eat du service. <\/em><\/p>\n<p><em>Comme vous le soulignez d&rsquo;ailleurs dans votre courriel, les <strong>DDEN<\/strong> forment des d\u00e9l\u00e9gations que je souhaite unies. Leur r\u00f4le d&rsquo;observateur et d&rsquo;intercesseur requiert une tr\u00e8s grande neutralit\u00e9 ; je ne voudrais pas que les usagers ou les collectivit\u00e9s territoriales puissent \u00eatre amen\u00e9es \u00e0 privil\u00e9gier le dialogue avec un <strong>DDEN<\/strong> plut\u00f4t qu&rsquo;un autre, selon les positions personnelles qu&rsquo;il aurait pu adopter.<\/em><\/p>\n<p><em>Je vous invite par retour de mail \u00e0 formuler vos \u00e9ventuelles observations.\u00a0 La d\u00e9cision administrative vous sera notifi\u00e9e \u00e0 l&rsquo;issue du prochain <strong>conseil d\u00e9partemental de l\u2019\u00c9ducation nationale<\/strong>.<\/em><\/p>\n<p><em>Je vous prie de croire, Monsieur Salmon, \u00e0 l&rsquo;expression de ma consid\u00e9ration distingu\u00e9e,<\/em><\/p>\n<p><em>Le directeur acad\u00e9mique,<br \/>\nPierre-Alain Chiffre<\/em><\/p>\n<p><strong><em>MARIE\u00a0B\u2026<\/em><\/strong><em><br \/>\nCheffe de Cabinet<br \/>\nDirection des services d\u00e9partementaux de l&rsquo;\u00e9ducation nationale du cher<\/p>\n<p>Rue du 95\u00e8me de Ligne Cit\u00e9 Cond\u00e9 Bat F, BP 608 18016 Bourges Cedex<br \/>\n<\/em>T 02 36 08 20 77<br \/>\n<a href=\"https:\/\/www.ac-orleans-tours.fr\/dsden18\"><strong>www.ac-orleans-tours.fr\/dsden18<\/strong><\/a><\/p>\n<p>&nbsp;<\/p>\n<p style=\"text-align: center;\">\u25ba\u25bc\u25b2\u25c4<\/p>\n<p><em>Monsieur le directeur acad\u00e9mique,<\/em><\/p>\n<p><em>Je vous remercie pour votre r\u00e9ponse et comprend tr\u00e8s bien votre pr\u00e9occupation d\u2019unifier l\u2019intervention des DDEN dans les \u00e9coles de votre acad\u00e9mie. <\/em><\/p>\n<p><em>J&rsquo;accepte donc sans aucune difficult\u00e9 votre d\u00e9cision\u2026 tout en \u00a0me demandant \u00a0si \u00a0cette exigence ne d\u00e9poss\u00e8de pas le <strong>DDEN<\/strong> de sa neutralit\u00e9\u2026<\/em><\/p>\n<p><em>Il me semble int\u00e9ressant de vous pr\u00e9senter les raisons de ma d\u00e9cision. <\/em><\/p>\n<p><em>Je consid\u00e8re en effet que, pour que son r\u00f4le soit clairement reconnu dans la communaut\u00e9 scolaire, le <strong>DDEN<\/strong> doit agir au plus pr\u00e8s des \u00e9coles, en particulier sur la base des comptes rendu des conseils d\u2019\u00e9cole qui rassemblent les d\u00e9bats et les d\u00e9cisions qui rythment la vie scolaire. Les enqu\u00eates nationales (parisiennes) ne vont pas dans ce sens.<\/em><\/p>\n<p><em>Ainsi, la <strong>FNDDEN<\/strong> a r\u00e9cemment transmis aux <strong>UDDEN<\/strong> une enqu\u00eate nationale relative aux sanitaires dans les \u00e9coles\u2026 Comme vous le savez, c&rsquo;est un point r\u00e9current des conseils d&rsquo;\u00e9cole, puisque cette d\u00e9licate question concerne \u00e9videmment le bien-\u00eatre des enfants dans les \u00e9tablissements. <\/em><\/p>\n<p><em>Au plan local, pour l&rsquo;avoir \u00e0 plusieurs reprises observ\u00e9 dans mes fonctions de directeur, ce sujet peut devenir tr\u00e8s pol\u00e9mique et mettre en difficult\u00e9 les diff\u00e9rents acteurs de l&rsquo;\u00e9cole\u00a0:<\/em><\/p>\n<ul>\n<li><em>Les enseignants qui ne surveilleraient pas suffisamment les sanitaires (lieux accidentog\u00e8nes , propices aux agressions de toutes sortes), qui ne laisseraient pas les \u00e9l\u00e8ves sortir durant la classe (s\u00e9curit\u00e9) voire qui n&rsquo;enseigneraient rien du point de vue de l&rsquo;hygi\u00e8ne intime. <\/em><\/li>\n<li><em>La municipalit\u00e9 qui ne mettrait pas compl\u00e8tement en conformit\u00e9 les WC avec les pr\u00e9conisations (intimit\u00e9 des \u00e9l\u00e8ves, le papier WC, acc\u00e8s handicap\u00e9), les animateurs des activit\u00e9s p\u00e9riscolaires&#8230;<\/em><\/li>\n<li><em>Les parents qui n&rsquo;accepteraient pas toujours les contraintes de la vie en collectivit\u00e9.<\/em><\/li>\n<li><em>Certains enfants psychologiquement fragiles qui se \u00ab\u00a0retiennent\u00a0\u00bb \u00e0 l&rsquo;\u00e9cole par peur des autres, rendant ainsi possible certaines pathologies.<\/em><\/li>\n<li><em>Cette probl\u00e9matique -valable \u00e9galement dans le monde de l&rsquo;entreprise- a par ailleurs fait l&rsquo;objet d&rsquo;un protocole propos\u00e9 par la <strong>FCPE<\/strong> au plan national.<\/em><\/li>\n<\/ul>\n<p>&nbsp;<\/p>\n<p><em>J&rsquo;aurais pr\u00e9f\u00e9r\u00e9 aider \u00e0 rechercher des solutions concr\u00e8tes pour r\u00e9pondre \u00e0 certaines difficult\u00e9s rencontr\u00e9es par les \u00e9coles aupr\u00e8s desquelles j\u2019ai eu plaisir d\u2019intervenir : accueil des \u00e9l\u00e8ves porteurs d&rsquo;handicap, conditions d&rsquo;enseignement de la piscine (infrastructures et transport), financement des classes de d\u00e9couverte, l&rsquo;aide aux devoirs apr\u00e8s la classe etc&#8230;<\/em><\/p>\n<p><em>Je vous prie, Monsieur le directeur acad\u00e9mique, d\u2019agr\u00e9er l\u2019expression de ma tr\u00e8s haute consid\u00e9ration.<\/em><\/p>\n<p><strong>Didier S\u2026<\/strong><\/p>\n","protected":false},"excerpt":{"rendered":"<p>Lettre de d\u00e9mission Monsieur le directeur des services d\u00e9partementaux de l\u2019\u00c9ducation nationale du Cher Suite \u00e0 un d\u00e9saccord sur le mode de gouvernance de la F\u00e9d\u00e9ration des D\u00e9l\u00e9gu\u00e9s d\u00e9partementaux de \u00c9ducation nationale, j&rsquo;ai donn\u00e9 ma d\u00e9mission \u00e0 l&rsquo;Union d\u00e9partementale du Cher d\u00e9l\u00e9gation de Vierzon. L\u2019article D241-28 du code de l&rsquo;\u00e9ducation indiquant que \u00ab\u00a0Les d\u00e9l\u00e9gu\u00e9s de &hellip; <a href=\"https:\/\/ledeleguelaique.fr\/?p=628\" class=\"more-link\">Continuer la lecture<span class=\"screen-reader-text\"> de &laquo;&nbsp;Re\u00e7u sur le site du D\u00e9l\u00e9gu\u00e9 la\u00efque&nbsp;&raquo;<\/span><\/a><\/p>\n","protected":false},"author":1,"featured_media":0,"comment_status":"closed","ping_status":"closed","sticky":false,"template":"","format":"standard","meta":{"footnotes":""},"categories":[18],"tags":[],"_links":{"self":[{"href":"https:\/\/ledeleguelaique.fr\/index.php?rest_route=\/wp\/v2\/posts\/628"}],"collection":[{"href":"https:\/\/ledeleguelaique.fr\/index.php?rest_route=\/wp\/v2\/posts"}],"about":[{"href":"https:\/\/ledeleguelaique.fr\/index.php?rest_route=\/wp\/v2\/types\/post"}],"author":[{"embeddable":true,"href":"https:\/\/ledeleguelaique.fr\/index.php?rest_route=\/wp\/v2\/users\/1"}],"replies":[{"embeddable":true,"href":"https:\/\/ledeleguelaique.fr\/index.php?rest_route=%2Fwp%2Fv2%2Fcomments&post=628"}],"version-history":[{"count":1,"href":"https:\/\/ledeleguelaique.fr\/index.php?rest_route=\/wp\/v2\/posts\/628\/revisions"}],"predecessor-version":[{"id":629,"href":"https:\/\/ledeleguelaique.fr\/index.php?rest_route=\/wp\/v2\/posts\/628\/revisions\/629"}],"wp:attachment":[{"href":"https:\/\/ledeleguelaique.fr\/index.php?rest_route=%2Fwp%2Fv2%2Fmedia&parent=628"}],"wp:term":[{"taxonomy":"category","embeddable":true,"href":"https:\/\/ledeleguelaique.fr\/index.php?rest_route=%2Fwp%2Fv2%2Fcategories&post=628"},{"taxonomy":"post_tag","embeddable":true,"href":"https:\/\/ledeleguelaique.fr\/index.php?rest_route=%2Fwp%2Fv2%2Ftags&post=628"}],"curies":[{"name":"wp","href":"https:\/\/api.w.org\/{rel}","templated":true}]}}