{"id":615,"date":"2022-05-11T15:04:49","date_gmt":"2022-05-11T13:04:49","guid":{"rendered":"https:\/\/ledeleguelaique.fr\/?p=615"},"modified":"2022-05-11T15:04:49","modified_gmt":"2022-05-11T13:04:49","slug":"bilan-du-congres-dobernai","status":"publish","type":"post","link":"https:\/\/ledeleguelaique.fr\/?p=615","title":{"rendered":"Bilan du congr\u00e8s d\u2019Obernai"},"content":{"rendered":"<p align=\"JUSTIFY\"><span style=\"font-family: Arial, sans-serif;\"><span style=\"font-size: medium;\">Le congr\u00e8s a pu se d\u00e9rouler en format hybride\u00a0: <\/span><\/span><\/p>\n<ul>\n<li>\n<p align=\"JUSTIFY\"><span style=\"font-family: Arial, sans-serif;\"><span style=\"font-size: medium;\">65 Unions pr\u00e9sentes<\/span><\/span><\/p>\n<\/li>\n<li>\n<p align=\"JUSTIFY\"><span style=\"font-family: Arial, sans-serif;\"><span style=\"font-size: medium;\">On nous a annonc\u00e9 29 Unions en distanciel (nous n\u2019avons pas pu v\u00e9rifier la r\u00e9alit\u00e9\u00a0; sur l\u2019\u00e9cran on d\u00e9nombrait au maximum une quinzaine d\u2019unions)<\/span><\/span><\/p>\n<\/li>\n<li>\n<p align=\"JUSTIFY\"><span style=\"font-family: Arial, sans-serif;\"><span style=\"font-size: medium;\">Et des votes par correspondances (premi\u00e8re fois et pas dans nos statuts)<\/span><\/span><\/p>\n<\/li>\n<\/ul>\n<p align=\"JUSTIFY\"><span style=\"font-family: Arial, sans-serif;\"><span style=\"font-size: medium;\">Il est \u00e0 d\u00e9plorer que les modalit\u00e9s d\u2019organisation du Congr\u00e8s en mode hybride n\u2019ai pas \u00e9t\u00e9 satisfaisante pour ceux en pr\u00e9sentiel et ceux en distanciel malgr\u00e9 les efforts et la bonne pr\u00e9paration des DDEN volontaires \u00e0 la t\u00e2che. Les conditions d\u2019\u00e9coute des d\u00e9l\u00e8gues en distanciel furent souvent interrompues. Le d\u00e9compte des votes souvent difficiles, notamment nous n\u2019avons pas eu connaissance, ni des votes par\u00a0\u00ab\u00a0<i>correspondance<\/i>\u00a0\u00bb, ni des votes des unions en visioconf\u00e9rence. Nous ne savons d\u2019ailleurs pas si les votes de la nouvelle union de Marseille et des unions d\u2019Alsace-Moselle ont \u00e9t\u00e9 pris en compte lors des votes sur les rapports d\u2019activit\u00e9 de 2019 et 2020\u00a0!<\/span><\/span><\/p>\n<p align=\"JUSTIFY\"><span style=\"font-family: Arial, sans-serif;\"><span style=\"font-size: medium;\">Pour la premi\u00e8re fois le congr\u00e8s s\u2019est tenu en mode vase clos\u00a0: aucune organisation amie n\u2019\u00e9tait pr\u00e9sente; aucune organisation syndicale\u00a0; l\u2019Education Nationale n\u2019\u00e9tait pas repr\u00e9sent\u00e9e, ni le Minist\u00e8re, ni le Rectorat, ni la DSDEN\u00a0; aucun Elu, et la mairie d\u2019Obernai \u00e9tait repr\u00e9sent\u00e9e par un adjoint mais pas celui aux affaires scolaires.<\/span><\/span><\/p>\n<p align=\"JUSTIFY\"><span style=\"font-family: Arial, sans-serif;\"><span style=\"font-size: medium;\">A l\u2019ext\u00e9rieur du congr\u00e8s <b>Jean-Paul Mathieu, Guy Brunet<\/b> et deux coll\u00e8gues de la Vienne ont distribu\u00e9 deux textes que nous avions pr\u00e9par\u00e9s (textes en annexe)\u00a0; ce qui a permis \u00e0 <b>Eddy Khaldi<\/b> de dire que pour la premi\u00e8re fois on assistait \u00e0 \u00ab\u00a0<i>une manifestation \u00e0 l\u2019entr\u00e9e du congr\u00e8s\u00a0!\u00a0<\/i>\u00bb.<\/span><\/span><\/p>\n<p align=\"JUSTIFY\"><span style=\"font-family: Arial, sans-serif;\"><span style=\"font-size: medium;\">Deux coll\u00e8gues de Seine-Saint-Denis qui avaient \u00e9t\u00e9 exclus de leur Union, avaient demand\u00e9 \u00e0 pouvoir s\u2019exprimer devant le congr\u00e8s\u00a0; ils ont vu leur demande rejet\u00e9e.<\/span><\/span><\/p>\n<p align=\"JUSTIFY\"><span style=\"font-family: Arial, sans-serif;\"><span style=\"font-size: medium;\">En ouverture du Congr\u00e8s le Pr\u00e9sident nous a rappel\u00e9 que les questions et critiques sur l\u2019activit\u00e9 de la F\u00e9d\u00e9ration \u00e9taient possible au cours du Congr\u00e8s. Mais rien n\u2019a \u00e9t\u00e9 \u00e0 la hauteur de cette annonce. Et en dehors de la commission sur la r\u00e9solution finale, \u00e0 laquelle nous avons particip\u00e9, la question de l\u2019Ecole semblait \u00eatre tr\u00e8s \u00e9loign\u00e9e des pr\u00e9occupations de la direction de la F\u00e9d\u00e9ration. Peu respectueux de ceux qui avaient un regard critique sur la gouvernance de la f\u00e9d\u00e9ration alors que le questionnement port\u00e9 par nos 8 Unions n\u2019avait rien d\u2019excessif ou de s\u00e9ditieux.<\/span><\/span><\/p>\n<p align=\"JUSTIFY\"><span style=\"font-family: Arial, sans-serif;\"><span style=\"font-size: medium;\">Lors de l\u2019examen du rapport d\u2019activit\u00e9 de la F\u00e9d\u00e9ration, ainsi qu\u2019il est pr\u00e9vu dans les statuts, nos Unions ont pu intervenir. <b>Michel Benoist<\/b> (Les Deux-S\u00e8vres) est intervenu sur nos relations avec les associations de la jeunesse et d\u2019\u00e9ducation populaire, Pierre Vallat (Vienne) sur le rejet de nos candidatures au Conseil f\u00e9d\u00e9ral, <b>Brigitte Berthet<\/b> (Rh\u00f4ne) sur la capacit\u00e9 de la F\u00e9d\u00e9ration \u00e0 retrouver son attractivit\u00e9, <b>Patrick Ancillon<\/b> (Is\u00e8re) sur la gouvernance de la F\u00e9d\u00e9ration. (voir ces interventions en annexe)<\/span><\/span><\/p>\n<p align=\"JUSTIFY\"><span style=\"font-family: Arial, sans-serif;\"><span style=\"font-size: medium;\">Lors de cette s\u00e9ance sur le rapport d\u2019activit\u00e9 de la F\u00e9d\u00e9ration, le <b>Conseil F\u00e9d\u00e9ral<\/b>, par la voie de conseillers f\u00e9d\u00e9raux, des \u00ab\u00a0<i>membres d\u2019honneur<\/i>\u00a0\u00bb ou d\u2019unions acquises au Pr\u00e9sident, a pr\u00e9sent\u00e9 des textes \u00e0 charge contre les repr\u00e9sentants de nos Unions, contre <b>Jean-Paul Mathieu<\/b> et <b>Guy Brunet<\/b>, contre le \u00ab\u00a0<i>d\u00e9l\u00e9gu\u00e9 la\u00efque<\/i>\u00a0\u00bb\u00a0; en ne r\u00e9pondant pas \u00e0 nos interrogations, mais en faisant volontairement l\u2019amalgame entre <b>Libre pens\u00e9e<\/b>, <i>d\u00e9l\u00e9gu\u00e9 la\u00efque<\/i> et nous.<\/span><\/span><\/p>\n<p align=\"JUSTIFY\"><span style=\"font-family: Arial, sans-serif;\"><span style=\"font-size: medium;\">On a assist\u00e9 \u00e0 des attaques personnelles, que tous les d\u00e9l\u00e9gu\u00e9s ont pu entendre, qui n\u2019avaient rien \u00e0 voir avec la th\u00e9matique de travail sur le rapport d\u2019activit\u00e9, ce que personne au <b>Conseil F\u00e9d\u00e9ral<\/b> n\u2019a signal\u00e9, ni interrompu, alors m\u00eame que des coupures de prises de paroles l\u2019ont \u00e9t\u00e9 en s\u00e9ance pour moins que \u00e7a. Des attaques cibl\u00e9es contre <b>Jacques Remer<\/b> de Paris, <b>Brigitte Berthet<\/b> et Jean-Paul Mathieu du Rh\u00f4ne et <b>Patrick Ancillon<\/b> de l\u2019Is\u00e8re\u00a0: Groupuscule h\u00e9t\u00e9roclite, 8 d\u00e9l\u00e9gu\u00e9s qui ne parlaient qu\u2019en leur nom, meneur, ambitieuse, \u2026 et calomnies inadmissibles \u00e0 l\u2019encontre de <b>JP Mathieu<\/b> et <b>Brigitte Berthet.<\/b><\/span><\/span><\/p>\n<p align=\"JUSTIFY\"><span style=\"font-family: Arial, sans-serif;\"><span style=\"font-size: medium;\">Nous avons rappel\u00e9 que, ce qu\u2019il appelait un groupuscule, repr\u00e9sentait plus de <b>1 300<\/b> DDEN sur les <b>8 000<\/b> de la F\u00e9d\u00e9ration et que nous \u00e9tions tous mandat\u00e9s par nos Unions. Depuis 2017 nous assistons \u00e0 une h\u00e9morragie des d\u00e9l\u00e9gu\u00e9s d\u00e9partementaux et des adh\u00e9rents et le renouvellement quadriennal de 2021 semble avoir aggrav\u00e9 ce ph\u00e9nom\u00e8ne. En effet nous \u00e9tions <b>17\u00a0000 adh\u00e9rents<\/b> en 2017 et sommes aujourd\u2019hui <b>8 000 adh\u00e9rents,<\/b> soit la moiti\u00e9 moins en 5 ans.<\/span><\/span><\/p>\n<p align=\"JUSTIFY\"><span style=\"font-family: Arial, sans-serif;\"><span style=\"font-size: medium;\">A une question d\u2019une d\u00e9l\u00e9gu\u00e9e d\u2019une autre Union sur la justification du rejet de nos candidatures par le Conseil f\u00e9d\u00e9ral, le Pr\u00e9sident a r\u00e9pondu qu\u2019il n\u2019avait pas \u00e0 se justifier\u00a0!<\/span><\/span><\/p>\n<p align=\"JUSTIFY\"><span style=\"font-family: Arial, sans-serif;\"><span style=\"font-size: medium;\">En r\u00e9ponse \u00e0 une partie de l\u2019intervention de <b>Patrick Ancillon<\/b> qui donnait connaissance du Proc\u00e8s-verbal officiel des r\u00e9sultats de l\u2019\u00e9lection de la Pr\u00e9sidente des Bouches-du-Rh\u00f4ne, le repr\u00e9sentant de l\u2019Union nouvellement cr\u00e9\u00e9e des Bouches-du-Rh\u00f4ne, Monsieur <b>Mimran<\/b>, a dans son intervention, afin de justifier ces r\u00e9sultats, \u00e9voqu\u00e9 \u00ab\u00a0<i>des complicit\u00e9s administratives internes\u00a0!\u00a0<\/i>\u00bb\u00a0 ayant permis le r\u00e9sultat des \u00e9lections tel que nous le connaissons aujourd\u2019hui et n\u2019\u00e9tant pas le reflet de la r\u00e9alit\u00e9 de terrain.<\/span><\/span><\/p>\n<p align=\"JUSTIFY\"><span style=\"font-family: Arial, sans-serif;\"><span style=\"font-size: medium;\"><b>Nous avons vot\u00e9 contre\u00a0: <\/b><\/span><\/span><\/p>\n<p align=\"JUSTIFY\">\u2055 <span style=\"font-family: Arial, sans-serif;\"><span style=\"font-size: medium;\">L\u2019ordre du jour en ouverture, <\/span><\/span><\/p>\n<p align=\"JUSTIFY\">\u2055 <span style=\"font-family: Arial, sans-serif;\"><span style=\"font-size: medium;\">Le rapport d\u2019activit\u00e9,<\/span><\/span><\/p>\n<p align=\"JUSTIFY\">\u2055 <span style=\"font-family: Arial, sans-serif;\"><span style=\"font-size: medium;\">Les deux exercices financiers de 2019, 2020 et le projet de budget 2021.<\/span><\/span><\/p>\n<p align=\"JUSTIFY\"><span style=\"font-family: Arial, sans-serif;\"><span style=\"font-size: medium;\">Nous nous sommes abstenus sur le quitus au tr\u00e9sorier.<\/span><\/span><\/p>\n<p align=\"JUSTIFY\"><span style=\"font-family: Arial, sans-serif;\"><span style=\"font-size: medium;\">A noter qu\u2019\u00e0 plusieurs reprises lors des votes, des Unions se sont abstenues voire ont vot\u00e9 contre.<\/span><\/span><\/p>\n<p align=\"JUSTIFY\"><span style=\"font-family: Arial, sans-serif;\"><span style=\"font-size: medium;\">Compte tenu des propos de d\u00e9nigrements que leurs membres ont pu entendre \u00e0 leur \u00e9gard l\u2019apr\u00e8s-midi\u00a0: <\/span><span style=\"font-size: medium;\"><b>J Remer, P Ancillon, B Berthet<\/b><\/span><span style=\"font-size: medium;\">, les 8 Unions n\u2019ont pas assist\u00e9 \u00e0 la soir\u00e9e festive du samedi soir<\/span><\/span><\/p>\n<p align=\"JUSTIFY\"><span style=\"font-family: Arial, sans-serif;\"><span style=\"font-size: large;\"><b>Commission<\/b><\/span> <span style=\"font-size: large;\"><b>d\u2019\u00e9laboration de la r\u00e9solution g\u00e9n\u00e9rale et de la motion<\/b><\/span><span style=\"font-size: large;\">\u00a0<\/span><span style=\"font-size: medium;\">: <\/span><span style=\"font-size: medium;\">nous avons pu y participer (les repr\u00e9sentants des UNIONS de Belfort, Is\u00e8re, Deux s\u00e8vres, Vienne et du Rh\u00f4ne)\u00a0.Nous avons pu faire modifier certaines mentions du texte original qui nous \u00e9tait propos\u00e9 aussi bien afin de fluidifier la forme et s\u2019attacher \u00e0 clarifier certains enjeux en les priorisant, afin que le message puisse \u00eatre audible de l\u2019ext\u00e9rieur de notre F\u00e9d\u00e9ration par tous nos partenaires. En participant aux d\u00e9bats sur la <\/span><span style=\"font-size: medium;\"><b>r\u00e9solution g\u00e9n\u00e9rale,<\/b><\/span><span style=\"font-size: medium;\"> nous avons pu t\u00e9moigner de notre attachement aux id\u00e9aux de l\u2019\u00e9cole publique la\u00efque et aux valeurs R\u00e9publicaines afin que le texte d\u00e9finitif prennent en compte certains rajouts et modifications en total respect des uns et des autres au cours des d\u00e9bats.<\/span><\/span><\/p>\n<p align=\"JUSTIFY\"><span style=\"font-family: Arial, sans-serif;\"><span style=\"font-size: medium;\">Nous sommes rest\u00e9s matin du dimanche matin en ayant bien \u00e9marg\u00e9e les trois jours. Certains d\u2019entre nous sont partis \u00e0 10h et n\u2019ont donc pas vot\u00e9 la r\u00e9solution, m\u00eame s\u2019ils avaient contribu\u00e9e \u00e0 sa reformulation, ce qui est l\u2019essentiel.<\/span><\/span><\/p>\n<p align=\"JUSTIFY\"><span style=\"font-family: Arial, sans-serif;\"><span style=\"font-size: large;\"><b>Des DDEN<\/b><\/span><\/span><\/p>\n","protected":false},"excerpt":{"rendered":"<p>Le congr\u00e8s a pu se d\u00e9rouler en format hybride\u00a0: 65 Unions pr\u00e9sentes On nous a annonc\u00e9 29 Unions en distanciel (nous n\u2019avons pas pu v\u00e9rifier la r\u00e9alit\u00e9\u00a0; sur l\u2019\u00e9cran on d\u00e9nombrait au maximum une quinzaine d\u2019unions) Et des votes par correspondances (premi\u00e8re fois et pas dans nos statuts) Il est \u00e0 d\u00e9plorer que les modalit\u00e9s &hellip; <a href=\"https:\/\/ledeleguelaique.fr\/?p=615\" class=\"more-link\">Continuer la lecture<span class=\"screen-reader-text\"> de &laquo;&nbsp;Bilan du congr\u00e8s d\u2019Obernai&nbsp;&raquo;<\/span><\/a><\/p>\n","protected":false},"author":1,"featured_media":0,"comment_status":"closed","ping_status":"closed","sticky":false,"template":"","format":"standard","meta":{"footnotes":""},"categories":[17],"tags":[],"_links":{"self":[{"href":"https:\/\/ledeleguelaique.fr\/index.php?rest_route=\/wp\/v2\/posts\/615"}],"collection":[{"href":"https:\/\/ledeleguelaique.fr\/index.php?rest_route=\/wp\/v2\/posts"}],"about":[{"href":"https:\/\/ledeleguelaique.fr\/index.php?rest_route=\/wp\/v2\/types\/post"}],"author":[{"embeddable":true,"href":"https:\/\/ledeleguelaique.fr\/index.php?rest_route=\/wp\/v2\/users\/1"}],"replies":[{"embeddable":true,"href":"https:\/\/ledeleguelaique.fr\/index.php?rest_route=%2Fwp%2Fv2%2Fcomments&post=615"}],"version-history":[{"count":1,"href":"https:\/\/ledeleguelaique.fr\/index.php?rest_route=\/wp\/v2\/posts\/615\/revisions"}],"predecessor-version":[{"id":616,"href":"https:\/\/ledeleguelaique.fr\/index.php?rest_route=\/wp\/v2\/posts\/615\/revisions\/616"}],"wp:attachment":[{"href":"https:\/\/ledeleguelaique.fr\/index.php?rest_route=%2Fwp%2Fv2%2Fmedia&parent=615"}],"wp:term":[{"taxonomy":"category","embeddable":true,"href":"https:\/\/ledeleguelaique.fr\/index.php?rest_route=%2Fwp%2Fv2%2Fcategories&post=615"},{"taxonomy":"post_tag","embeddable":true,"href":"https:\/\/ledeleguelaique.fr\/index.php?rest_route=%2Fwp%2Fv2%2Ftags&post=615"}],"curies":[{"name":"wp","href":"https:\/\/api.w.org\/{rel}","templated":true}]}}