{"id":612,"date":"2022-05-11T15:02:24","date_gmt":"2022-05-11T13:02:24","guid":{"rendered":"https:\/\/ledeleguelaique.fr\/?p=612"},"modified":"2022-05-11T15:02:24","modified_gmt":"2022-05-11T13:02:24","slug":"intervention-de-patrick-ancillon-sur-la-gouvernance-de-la-federation","status":"publish","type":"post","link":"https:\/\/ledeleguelaique.fr\/?p=612","title":{"rendered":"Intervention de Patrick Ancillon sur la gouvernance de la F\u00e9d\u00e9ration"},"content":{"rendered":"<p align=\"JUSTIFY\"><span style=\"font-family: Arial, sans-serif;\"><span style=\"font-size: medium;\">Je commencerai mon intervention en rappelant que les 8 unions trait\u00e9es de groupuscule repr\u00e9sentent plus de 1 300 DDEN (<\/span><\/span>1)<\/p>\n<p align=\"JUSTIFY\"><span style=\"font-family: Arial, sans-serif;\"><span style=\"font-size: medium;\">)) sur les 8 000 de la F\u00e9d\u00e9ration et que nous sommes mandat\u00e9s par nos Unions.<\/span><\/span><\/p>\n<p align=\"JUSTIFY\"><span style=\"font-family: Arial, sans-serif;\"><span style=\"font-size: medium;\">Notre volont\u00e9 de renforcer notre F\u00e9d\u00e9ration passe par le respect des statuts et du r\u00e8glement int\u00e9rieur. Mais beaucoup d\u2019entre nous ont l\u2019impression que le Pr\u00e9sident privil\u00e9gie et engendre le conflit et qu\u2019il ne pr\u00e9side qu\u2019au travers d\u2019affrontements successifs. <\/span><\/span><\/p>\n<p align=\"JUSTIFY\"><span style=\"font-family: Arial, sans-serif;\"><span style=\"font-size: medium;\">Plut\u00f4t que le d\u00e9bat, la m\u00e9diation, il choisit l\u2019exclusion de tous ceux, qui \u00e0 un moment donn\u00e9, ont propos\u00e9 une autre vision, qui n\u2019adh\u00e8rent pas totalement \u00e0 son projet ou s\u2019y sont oppos\u00e9s, qui ont pris des initiatives sans sa \u00ab\u00a0<i>permission<\/i>\u00a0\u00bb. S\u2019exprime ainsi une volont\u00e9 d\u2019\u00e9touffer toute proposition contraire \u00e0 sa vision. <\/span><\/span><\/p>\n<p align=\"JUSTIFY\"><span style=\"font-family: Arial, sans-serif;\"><span style=\"font-size: medium;\">Les Unions doivent adh\u00e9rer \u00e0 toutes les d\u00e9cisions du Conseil F\u00e9d\u00e9ral. D\u00e9sirant les \u00ab\u00a0<i>contr\u00f4ler<\/i>\u00a0\u00bb notre Pr\u00e9sident n\u2019h\u00e9site pas \u00e0 intervenir de mani\u00e8re autoritaire dans la vie des Unions. Depuis son arriv\u00e9e nous pouvons comptabiliser au sein du <b>Conseil F\u00e9d\u00e9ral<\/b> les retraits, \u00ab\u00a0<i>d\u00e9missions<\/i>\u00a0\u00bb ou exclusions, sans parler des d\u00e9missions ou exclusions de Pr\u00e9sidents d\u2019Union. Lettres recommand\u00e9es, mises en cause personnelle de certains, \u00e0 diff\u00e9rentes r\u00e9unions.<\/span><\/span><\/p>\n<p align=\"JUSTIFY\"><span style=\"font-family: Arial, sans-serif;\"><span style=\"font-size: medium;\">Le Conseil F\u00e9d\u00e9ral se r\u00e9duit \u00e0 une chambre d\u2019enregistrement. Comment croire aux bonnes paroles \u00ab\u00a0allons de l\u2019avant\u2026\u00a0\u00bb quand on d\u00e9courage ou qu\u2019on rejette la participation de certains \u00e0 la vie de la F\u00e9d\u00e9ration\u00a0?<\/span><\/span><\/p>\n<p align=\"JUSTIFY\"><span style=\"font-family: Arial, sans-serif;\"><span style=\"font-size: medium;\"><b>L\u2019UD des Bouches du Rh\u00f4ne.<\/b><u><b> <\/b><\/u>Depuis l\u2019exclusion de l\u2019Union par la majorit\u00e9 du Conseil F\u00e9d\u00e9ral, le renouvellement quadriennal des DDEN a eu lieu\u00a0; <b>l\u2019Union des Bouches-du- Rh\u00f4ne<\/b> a pr\u00e9sent\u00e9 plus de candidats que la nouvelle Union cr\u00e9\u00e9e par Le Pr\u00e9sident de la F\u00e9d\u00e9ration. Les r\u00e9sultats du renouvellement des DDEN dans les Bouches-du-Rh\u00f4ne sont indiscutablement un \u00e9chec pour la F\u00e9d\u00e9ration. <\/span><\/span><\/p>\n<p align=\"JUSTIFY\"><span style=\"font-family: Arial, sans-serif;\"><span style=\"font-size: medium;\">En effet l\u2019ancienne Union des DDEN du 13, qui est actuellement en contentieux avec la F\u00e9d\u00e9ration, se trouve l\u00e9gitim\u00e9e par le vote des DDEN et les chiffres sont sans appel\u00a0:<\/span><\/span><\/p>\n<ul>\n<li>\n<p align=\"JUSTIFY\"><span style=\"font-family: Arial, sans-serif;\"><span style=\"font-size: medium;\">Sur 31 d\u00e9l\u00e9gations install\u00e9es dans le d\u00e9partement, 23 sont pr\u00e9sid\u00e9es par un adh\u00e9rent de l\u2019UD DEN13 (dont 10 circonscriptions marseillaises sur 13)\u00a0;<\/span><\/span><\/p>\n<\/li>\n<li>\n<p align=\"JUSTIFY\"><span style=\"font-family: Arial, sans-serif;\"><span style=\"font-size: medium;\">L\u2019Union 13 enregistre m\u00eame <b>davantage<\/b> de DDEN, et <b>davantage<\/b> de pr\u00e9sidences de d\u00e9l\u00e9gations, <\/span><\/span><\/p>\n<\/li>\n<li>\n<p align=\"JUSTIFY\"><span style=\"font-family: Arial, sans-serif;\"><span style=\"font-size: medium;\">L<b>a Pr\u00e9sidence et la Vice-Pr\u00e9sidence des DDEN du d\u00e9partement<\/b>, sont <b>\u00e9lus par 23 Pr\u00e9sidents de D\u00e9l\u00e9gation sur 29 votants<\/b>. <\/span><\/span><\/p>\n<\/li>\n<\/ul>\n<p align=\"JUSTIFY\"><span style=\"font-family: Arial, sans-serif;\"><span style=\"font-size: medium;\">La politique F\u00e9d\u00e9rale, ainsi d\u00e9savou\u00e9e n\u2019a eu comme r\u00e9sultats que la perte de l\u00e9gitimit\u00e9 de la F\u00e9d\u00e9ration, sans parler du co\u00fbt financier de l\u2019op\u00e9ration\u00a0et du risque d\u2019\u00e9clatement de notre association. <\/span><\/span><\/p>\n<p align=\"JUSTIFY\"><span style=\"font-family: Arial, sans-serif;\"><span style=\"font-size: medium;\"><b>Sans parler des Alpes de Haute-Provence et de la Haute-Corse qui <\/b>n\u2019auraient pas<b> <\/b><b>pay\u00e9<\/b> leurs cotisations \u00e0 la F\u00e9d\u00e9ration\u2026 Il est raisonnablement envisageable de penser qu\u2019apr\u00e8s ces Unions, d\u2019autres pourraient se voir r\u00e9server le m\u00eame sort.<\/span><\/span><\/p>\n<p align=\"JUSTIFY\"><span style=\"font-family: Arial, sans-serif;\"><span style=\"font-size: medium;\">Aujourd\u2019hui on nous accuse de vouloir saborder la F\u00e9d\u00e9ration, mais\u00a0:<\/span><\/span><\/p>\n<p align=\"JUSTIFY\"><span style=\"font-family: Arial, sans-serif;\"><span style=\"font-size: medium;\">Qui met en difficult\u00e9 notre repr\u00e9sentativit\u00e9\u00a0? <\/span><\/span><\/p>\n<p align=\"JUSTIFY\"><span style=\"font-family: Arial, sans-serif;\"><span style=\"font-size: medium;\">Qui pousse les DDEN \u00e0 l\u2019ext\u00e9rieur de la F\u00e9d\u00e9ration\u00a0? <\/span><\/span><\/p>\n<p align=\"JUSTIFY\"><span style=\"font-family: Arial, sans-serif;\"><span style=\"font-size: medium;\">Une le\u00e7on que certains devraient retenir pour la suite.<\/span><\/span><\/p>\n<p align=\"JUSTIFY\"><span style=\"font-family: Arial, sans-serif;\"><span style=\"font-size: medium;\">Je terminerai en pr\u00e9cisant que nos Unions sont en r\u00e9flexion sur l\u2019avenir de notre F\u00e9d\u00e9ration <\/span><\/span><\/p>\n<p align=\"JUSTIFY\">__________<\/p>\n<p align=\"JUSTIFY\">(1) ((Congr\u00e8s Obernai 2021\u00a08 Unions\u00a0: Ile et Vilaine ( 35), 38( Is\u00e8re), Maine et Loire ( 49), Rh\u00f4ne( 69), Paris ( 75), Deux S\u00e8vres( 79), Vienne( 86), Territoire de Belfort ( 90)<\/p>\n","protected":false},"excerpt":{"rendered":"<p>Je commencerai mon intervention en rappelant que les 8 unions trait\u00e9es de groupuscule repr\u00e9sentent plus de 1 300 DDEN (1) )) sur les 8 000 de la F\u00e9d\u00e9ration et que nous sommes mandat\u00e9s par nos Unions. Notre volont\u00e9 de renforcer notre F\u00e9d\u00e9ration passe par le respect des statuts et du r\u00e8glement int\u00e9rieur. Mais beaucoup d\u2019entre &hellip; <a href=\"https:\/\/ledeleguelaique.fr\/?p=612\" class=\"more-link\">Continuer la lecture<span class=\"screen-reader-text\"> de &laquo;&nbsp;Intervention de Patrick Ancillon sur la gouvernance de la F\u00e9d\u00e9ration&nbsp;&raquo;<\/span><\/a><\/p>\n","protected":false},"author":1,"featured_media":0,"comment_status":"closed","ping_status":"closed","sticky":false,"template":"","format":"standard","meta":{"footnotes":""},"categories":[17],"tags":[],"_links":{"self":[{"href":"https:\/\/ledeleguelaique.fr\/index.php?rest_route=\/wp\/v2\/posts\/612"}],"collection":[{"href":"https:\/\/ledeleguelaique.fr\/index.php?rest_route=\/wp\/v2\/posts"}],"about":[{"href":"https:\/\/ledeleguelaique.fr\/index.php?rest_route=\/wp\/v2\/types\/post"}],"author":[{"embeddable":true,"href":"https:\/\/ledeleguelaique.fr\/index.php?rest_route=\/wp\/v2\/users\/1"}],"replies":[{"embeddable":true,"href":"https:\/\/ledeleguelaique.fr\/index.php?rest_route=%2Fwp%2Fv2%2Fcomments&post=612"}],"version-history":[{"count":2,"href":"https:\/\/ledeleguelaique.fr\/index.php?rest_route=\/wp\/v2\/posts\/612\/revisions"}],"predecessor-version":[{"id":614,"href":"https:\/\/ledeleguelaique.fr\/index.php?rest_route=\/wp\/v2\/posts\/612\/revisions\/614"}],"wp:attachment":[{"href":"https:\/\/ledeleguelaique.fr\/index.php?rest_route=%2Fwp%2Fv2%2Fmedia&parent=612"}],"wp:term":[{"taxonomy":"category","embeddable":true,"href":"https:\/\/ledeleguelaique.fr\/index.php?rest_route=%2Fwp%2Fv2%2Fcategories&post=612"},{"taxonomy":"post_tag","embeddable":true,"href":"https:\/\/ledeleguelaique.fr\/index.php?rest_route=%2Fwp%2Fv2%2Ftags&post=612"}],"curies":[{"name":"wp","href":"https:\/\/api.w.org\/{rel}","templated":true}]}}