{"id":610,"date":"2022-05-11T14:37:08","date_gmt":"2022-05-11T12:37:08","guid":{"rendered":"https:\/\/ledeleguelaique.fr\/?p=610"},"modified":"2022-05-11T14:37:08","modified_gmt":"2022-05-11T12:37:08","slug":"les-candidatures-au-conseil-federal","status":"publish","type":"post","link":"https:\/\/ledeleguelaique.fr\/?p=610","title":{"rendered":"Les candidatures au Conseil f\u00e9d\u00e9ral"},"content":{"rendered":"<p align=\"JUSTIFY\"><span style=\"font-family: Arial, sans-serif;\"><span style=\"font-size: medium;\">Pour la premi\u00e8re fois de m\u00e9moire de <b>DDEN<\/b> en activit\u00e9 depuis des d\u00e9cennies, des candidatures au renouvellement du Conseil F\u00e9d\u00e9ral, d\u00e9pos\u00e9es conform\u00e9ment aux statuts qui r\u00e9gissent notre association, ont \u00e9t\u00e9 rejet\u00e9es au seul motif qu\u2019elles \u00e9manent d\u2019Unions ayant os\u00e9 s\u2019interroger en juillet dernier en toute transparence sur les modalit\u00e9s d\u2019organisation du pr\u00e9sent Congr\u00e8s.<\/span><\/span><\/p>\n<p align=\"JUSTIFY\"><span style=\"font-family: Arial, sans-serif;\"><span style=\"font-size: medium;\"><b>C\u2019est un grave pr\u00e9c\u00e9dent.<\/b><\/span><\/span><\/p>\n<p align=\"JUSTIFY\"><span style=\"font-family: Arial, sans-serif;\"><span style=\"font-size: medium;\">Pour les Unions co-r\u00e9dactrices de cette intervention, une ligne rouge a \u00e9t\u00e9 franchie.<\/span><\/span><\/p>\n<p align=\"JUSTIFY\"><span style=\"font-family: Arial, sans-serif;\"><span style=\"font-size: medium;\">Qu\u2019en pensent les autres Congressistes\u00a0?<\/span><\/span><\/p>\n<p align=\"JUSTIFY\"><span style=\"font-family: Arial, sans-serif;\"><span style=\"font-size: medium;\">Les d\u00e9l\u00e9gu\u00e9s des UNIONS 35, 38, 49, 69, 75, 79, 86, 90 , appellent les d\u00e9l\u00e9gu\u00e9s de ce Congr\u00e8s \u00e0 voter pour les candidatures parfaitement valides de\u00a0:<\/span><\/span><\/p>\n<p lang=\"de-DE\" align=\"JUSTIFY\"><span style=\"font-family: Arial, sans-serif;\"><span style=\"font-size: medium;\"><b>Patrick ANCILLON<\/b><\/span><\/span><\/p>\n<p lang=\"de-DE\" align=\"JUSTIFY\"><span style=\"font-family: Arial, sans-serif;\"><span style=\"font-size: medium;\"><b>Michel BENOIST<\/b><\/span><\/span><\/p>\n<p lang=\"de-DE\" align=\"JUSTIFY\"><span style=\"font-family: Arial, sans-serif;\"><span style=\"font-size: medium;\"><b>Brigitte BERTHET<\/b><\/span><\/span><\/p>\n<p align=\"JUSTIFY\"><span style=\"font-family: Arial, sans-serif;\"><span style=\"font-size: medium;\"><b>Guy BRUNET<\/b><\/span><\/span><\/p>\n<p align=\"JUSTIFY\"><span style=\"font-family: Arial, sans-serif;\"><span style=\"font-size: medium;\"><b>Jacques MANCEAU<\/b><\/span><\/span><\/p>\n","protected":false},"excerpt":{"rendered":"<p>Pour la premi\u00e8re fois de m\u00e9moire de DDEN en activit\u00e9 depuis des d\u00e9cennies, des candidatures au renouvellement du Conseil F\u00e9d\u00e9ral, d\u00e9pos\u00e9es conform\u00e9ment aux statuts qui r\u00e9gissent notre association, ont \u00e9t\u00e9 rejet\u00e9es au seul motif qu\u2019elles \u00e9manent d\u2019Unions ayant os\u00e9 s\u2019interroger en juillet dernier en toute transparence sur les modalit\u00e9s d\u2019organisation du pr\u00e9sent Congr\u00e8s. C\u2019est un &hellip; <a href=\"https:\/\/ledeleguelaique.fr\/?p=610\" class=\"more-link\">Continuer la lecture<span class=\"screen-reader-text\"> de &laquo;&nbsp;Les candidatures au Conseil f\u00e9d\u00e9ral&nbsp;&raquo;<\/span><\/a><\/p>\n","protected":false},"author":1,"featured_media":0,"comment_status":"closed","ping_status":"closed","sticky":false,"template":"","format":"standard","meta":{"footnotes":""},"categories":[17],"tags":[],"_links":{"self":[{"href":"https:\/\/ledeleguelaique.fr\/index.php?rest_route=\/wp\/v2\/posts\/610"}],"collection":[{"href":"https:\/\/ledeleguelaique.fr\/index.php?rest_route=\/wp\/v2\/posts"}],"about":[{"href":"https:\/\/ledeleguelaique.fr\/index.php?rest_route=\/wp\/v2\/types\/post"}],"author":[{"embeddable":true,"href":"https:\/\/ledeleguelaique.fr\/index.php?rest_route=\/wp\/v2\/users\/1"}],"replies":[{"embeddable":true,"href":"https:\/\/ledeleguelaique.fr\/index.php?rest_route=%2Fwp%2Fv2%2Fcomments&post=610"}],"version-history":[{"count":1,"href":"https:\/\/ledeleguelaique.fr\/index.php?rest_route=\/wp\/v2\/posts\/610\/revisions"}],"predecessor-version":[{"id":611,"href":"https:\/\/ledeleguelaique.fr\/index.php?rest_route=\/wp\/v2\/posts\/610\/revisions\/611"}],"wp:attachment":[{"href":"https:\/\/ledeleguelaique.fr\/index.php?rest_route=%2Fwp%2Fv2%2Fmedia&parent=610"}],"wp:term":[{"taxonomy":"category","embeddable":true,"href":"https:\/\/ledeleguelaique.fr\/index.php?rest_route=%2Fwp%2Fv2%2Fcategories&post=610"},{"taxonomy":"post_tag","embeddable":true,"href":"https:\/\/ledeleguelaique.fr\/index.php?rest_route=%2Fwp%2Fv2%2Ftags&post=610"}],"curies":[{"name":"wp","href":"https:\/\/api.w.org\/{rel}","templated":true}]}}