{"id":608,"date":"2022-05-11T14:35:31","date_gmt":"2022-05-11T12:35:31","guid":{"rendered":"https:\/\/ledeleguelaique.fr\/?p=608"},"modified":"2022-05-11T14:35:31","modified_gmt":"2022-05-11T12:35:31","slug":"texte-congres","status":"publish","type":"post","link":"https:\/\/ledeleguelaique.fr\/?p=608","title":{"rendered":"Texte Congr\u00e8s"},"content":{"rendered":"<p align=\"JUSTIFY\"><span style=\"font-family: Arial, sans-serif;\"><span style=\"font-size: medium;\">Depuis 2017 nous assistons \u00e0 une h\u00e9morragie des d\u00e9l\u00e9gu\u00e9s d\u00e9partementaux, et des adh\u00e9rents, et le renouvellement quadriennal de 2021 semble aggraver ce ph\u00e9nom\u00e8ne.<\/span><\/span><\/p>\n<p align=\"JUSTIFY\"><span style=\"font-family: Arial, sans-serif;\"><span style=\"font-size: medium;\">En effet nous \u00e9tions en 2017\u00a0: <b>17\u00a0000 adh\u00e9rents<\/b> <\/span><\/span><\/p>\n<p align=\"JUSTIFY\"><span style=\"font-family: Arial, sans-serif;\"><span style=\"font-size: medium;\">Nous sommes aujourd\u2019hui <b>8 000 adh\u00e9rents<\/b> soit la moiti\u00e9 en moins en 5 ans. <\/span><\/span><\/p>\n<p align=\"JUSTIFY\"><span style=\"font-family: Arial, sans-serif;\"><span style=\"font-size: medium;\">Au-del\u00e0 du fonctionnement de notre association et de son Congr\u00e8s annuel o\u00f9 nous devons faire vivre notre institution sur un plan administratif, il n y a aucun sujet sur la prospective de la F\u00e9d\u00e9ration.<\/span><\/span><\/p>\n<p align=\"JUSTIFY\"><span style=\"font-family: Arial, sans-serif;\"><span style=\"font-size: medium;\"><br \/>\nEn effet\u00a0:<\/span><\/span><\/p>\n<ul>\n<li>\n<p align=\"JUSTIFY\"><span style=\"font-family: Arial, sans-serif;\"><span style=\"font-size: medium;\"><b>Quelles sont les actions lanc\u00e9es par la F\u00e9d\u00e9ration afin de rendre attractive notre association\u00a0?<\/b><\/span><\/span><\/p>\n<\/li>\n<\/ul>\n<ul>\n<li>\n<p align=\"JUSTIFY\"><span style=\"font-family: Arial, sans-serif;\"><span style=\"font-size: medium;\"><b>Comment fid\u00e9liser les adh\u00e9rents par le sens de nos actions\u00a0?<\/b><\/span><\/span><\/p>\n<\/li>\n<\/ul>\n<ul>\n<li>\n<p align=\"JUSTIFY\"><span style=\"font-family: Arial, sans-serif;\"><span style=\"font-size: medium;\"><b>Comment faire entendre la voix des D\u00e9l\u00e9gu\u00e9s des Unions qui sont au quotidien sur le terrain\u00a0?<\/b><\/span><\/span><\/p>\n<\/li>\n<\/ul>\n<p align=\"JUSTIFY\">\n","protected":false},"excerpt":{"rendered":"<p>Depuis 2017 nous assistons \u00e0 une h\u00e9morragie des d\u00e9l\u00e9gu\u00e9s d\u00e9partementaux, et des adh\u00e9rents, et le renouvellement quadriennal de 2021 semble aggraver ce ph\u00e9nom\u00e8ne. En effet nous \u00e9tions en 2017\u00a0: 17\u00a0000 adh\u00e9rents Nous sommes aujourd\u2019hui 8 000 adh\u00e9rents soit la moiti\u00e9 en moins en 5 ans. Au-del\u00e0 du fonctionnement de notre association et de son Congr\u00e8s &hellip; <a href=\"https:\/\/ledeleguelaique.fr\/?p=608\" class=\"more-link\">Continuer la lecture<span class=\"screen-reader-text\"> de &laquo;&nbsp;Texte Congr\u00e8s&nbsp;&raquo;<\/span><\/a><\/p>\n","protected":false},"author":1,"featured_media":0,"comment_status":"closed","ping_status":"closed","sticky":false,"template":"","format":"standard","meta":{"footnotes":""},"categories":[17],"tags":[],"_links":{"self":[{"href":"https:\/\/ledeleguelaique.fr\/index.php?rest_route=\/wp\/v2\/posts\/608"}],"collection":[{"href":"https:\/\/ledeleguelaique.fr\/index.php?rest_route=\/wp\/v2\/posts"}],"about":[{"href":"https:\/\/ledeleguelaique.fr\/index.php?rest_route=\/wp\/v2\/types\/post"}],"author":[{"embeddable":true,"href":"https:\/\/ledeleguelaique.fr\/index.php?rest_route=\/wp\/v2\/users\/1"}],"replies":[{"embeddable":true,"href":"https:\/\/ledeleguelaique.fr\/index.php?rest_route=%2Fwp%2Fv2%2Fcomments&post=608"}],"version-history":[{"count":1,"href":"https:\/\/ledeleguelaique.fr\/index.php?rest_route=\/wp\/v2\/posts\/608\/revisions"}],"predecessor-version":[{"id":609,"href":"https:\/\/ledeleguelaique.fr\/index.php?rest_route=\/wp\/v2\/posts\/608\/revisions\/609"}],"wp:attachment":[{"href":"https:\/\/ledeleguelaique.fr\/index.php?rest_route=%2Fwp%2Fv2%2Fmedia&parent=608"}],"wp:term":[{"taxonomy":"category","embeddable":true,"href":"https:\/\/ledeleguelaique.fr\/index.php?rest_route=%2Fwp%2Fv2%2Fcategories&post=608"},{"taxonomy":"post_tag","embeddable":true,"href":"https:\/\/ledeleguelaique.fr\/index.php?rest_route=%2Fwp%2Fv2%2Ftags&post=608"}],"curies":[{"name":"wp","href":"https:\/\/api.w.org\/{rel}","templated":true}]}}