{"id":606,"date":"2022-05-11T14:34:13","date_gmt":"2022-05-11T12:34:13","guid":{"rendered":"https:\/\/ledeleguelaique.fr\/?p=606"},"modified":"2022-05-11T14:34:13","modified_gmt":"2022-05-11T12:34:13","slug":"intervention-au-congres","status":"publish","type":"post","link":"https:\/\/ledeleguelaique.fr\/?p=606","title":{"rendered":"Intervention au Congr\u00e8s"},"content":{"rendered":"<p align=\"JUSTIFY\"><span style=\"font-family: Arial, sans-serif;\"><span style=\"font-size: medium;\">Les associations de la jeunesse et d\u2019\u00e9ducation populaire interviennent coll\u00e9gialement sur bon nombre de dossiers ayant trait \u00e0 cette jeunesse et \u00e0 son \u00e9ducation.<\/span><\/span><\/p>\n<p align=\"JUSTIFY\"><span style=\"font-family: Arial, sans-serif;\"><span style=\"font-size: medium;\">Les positions de chacun particuli\u00e8rement en ce qui concerne la la\u00efcit\u00e9 peuvent certes diverger l\u00e9g\u00e8rement mais c\u2019est ce que l\u2019on nomme la libert\u00e9 d\u2019expression.<\/span><\/span><\/p>\n<p align=\"JUSTIFY\"><span style=\"font-family: Arial, sans-serif;\"><span style=\"font-size: medium;\">Pour autant cela n\u2019emp\u00eache en rien des actions collectives sur les principes essentiels, ou du moins cela ne devrait pas \u00eatre.<\/span><\/span><\/p>\n<p align=\"JUSTIFY\"><span style=\"font-family: Arial, sans-serif;\"><span style=\"font-size: medium;\">Or, la position du Pr\u00e9sident actuel complique les collaborations, et nous \u00e9loigne de nos grands partenaires naturels tels que\u00a0: <b>la FCPE, la Ligue de l\u2019enseignement et l\u2019OCCE<\/b>, etc\u2026<\/span><\/span><\/p>\n<p align=\"JUSTIFY\"><span style=\"font-family: Arial, sans-serif;\"><span style=\"font-size: medium;\">En cons\u00e9quence lors du dernier communiqu\u00e9 du <b>CNAL<\/b> sur \u00ab\u00a0<i>Les \u00e9tats g\u00e9n\u00e9raux de la la\u00efcit\u00e9<\/i>\u00a0\u00bb, la <b>F\u00e9d\u00e9ration des DDEN<\/b> est absente des signataires. <\/span><\/span><\/p>\n<p align=\"JUSTIFY\"><span style=\"font-family: Arial, sans-serif;\"><span style=\"font-size: medium;\">Dans ces conditions, comment faire rayonner l\u2019Ecole de la R\u00e9publique, qui accueille en son sein nombre de militants de ces organisations, <b>militants<\/b> avec lesquels nous partageons l\u2019essentiel\u00a0 \u00e0 savoir\u00a0: <\/span><\/span><\/p>\n<ul>\n<li>\n<p align=\"JUSTIFY\"><span style=\"font-family: Arial, sans-serif;\"><span style=\"font-size: medium;\"><b>L\u2019int\u00e9r\u00eat des enfants <\/b><\/span><\/span><\/p>\n<\/li>\n<li>\n<p align=\"JUSTIFY\"><span style=\"font-family: Arial, sans-serif;\"><span style=\"font-size: medium;\"><b>La la\u00efcit\u00e9 \u00e0 l\u2019\u00e9cole<\/b><\/span><\/span><\/p>\n<\/li>\n<\/ul>\n","protected":false},"excerpt":{"rendered":"<p>Les associations de la jeunesse et d\u2019\u00e9ducation populaire interviennent coll\u00e9gialement sur bon nombre de dossiers ayant trait \u00e0 cette jeunesse et \u00e0 son \u00e9ducation. Les positions de chacun particuli\u00e8rement en ce qui concerne la la\u00efcit\u00e9 peuvent certes diverger l\u00e9g\u00e8rement mais c\u2019est ce que l\u2019on nomme la libert\u00e9 d\u2019expression. Pour autant cela n\u2019emp\u00eache en rien des &hellip; <a href=\"https:\/\/ledeleguelaique.fr\/?p=606\" class=\"more-link\">Continuer la lecture<span class=\"screen-reader-text\"> de &laquo;&nbsp;Intervention au Congr\u00e8s&nbsp;&raquo;<\/span><\/a><\/p>\n","protected":false},"author":1,"featured_media":0,"comment_status":"closed","ping_status":"closed","sticky":false,"template":"","format":"standard","meta":{"footnotes":""},"categories":[17],"tags":[],"_links":{"self":[{"href":"https:\/\/ledeleguelaique.fr\/index.php?rest_route=\/wp\/v2\/posts\/606"}],"collection":[{"href":"https:\/\/ledeleguelaique.fr\/index.php?rest_route=\/wp\/v2\/posts"}],"about":[{"href":"https:\/\/ledeleguelaique.fr\/index.php?rest_route=\/wp\/v2\/types\/post"}],"author":[{"embeddable":true,"href":"https:\/\/ledeleguelaique.fr\/index.php?rest_route=\/wp\/v2\/users\/1"}],"replies":[{"embeddable":true,"href":"https:\/\/ledeleguelaique.fr\/index.php?rest_route=%2Fwp%2Fv2%2Fcomments&post=606"}],"version-history":[{"count":1,"href":"https:\/\/ledeleguelaique.fr\/index.php?rest_route=\/wp\/v2\/posts\/606\/revisions"}],"predecessor-version":[{"id":607,"href":"https:\/\/ledeleguelaique.fr\/index.php?rest_route=\/wp\/v2\/posts\/606\/revisions\/607"}],"wp:attachment":[{"href":"https:\/\/ledeleguelaique.fr\/index.php?rest_route=%2Fwp%2Fv2%2Fmedia&parent=606"}],"wp:term":[{"taxonomy":"category","embeddable":true,"href":"https:\/\/ledeleguelaique.fr\/index.php?rest_route=%2Fwp%2Fv2%2Fcategories&post=606"},{"taxonomy":"post_tag","embeddable":true,"href":"https:\/\/ledeleguelaique.fr\/index.php?rest_route=%2Fwp%2Fv2%2Ftags&post=606"}],"curies":[{"name":"wp","href":"https:\/\/api.w.org\/{rel}","templated":true}]}}