{"id":604,"date":"2022-05-11T14:32:43","date_gmt":"2022-05-11T12:32:43","guid":{"rendered":"https:\/\/ledeleguelaique.fr\/?p=604"},"modified":"2022-05-11T14:32:43","modified_gmt":"2022-05-11T12:32:43","slug":"point-de-vue","status":"publish","type":"post","link":"https:\/\/ledeleguelaique.fr\/?p=604","title":{"rendered":"Point de vue"},"content":{"rendered":"<p align=\"JUSTIFY\"><span style=\"font-family: Times New Roman, Times New Roman, serif;\"><span style=\"font-size: medium;\"><em class=\"western\"><span style=\"font-family: Arial, sans-serif;\">Lors du congr\u00e8s d&rsquo;Obernai j&rsquo;ai malheureusement constat\u00e9 que la direction de la F\u00e9d\u00e9ration (nationale) ne voulait pas entendre la demande de huit unions d\u00e9partementales pour une autre gouvernance de la f\u00e9d\u00e9ration. J&rsquo;ai pu voir que plut\u00f4t que le dialogue, la direction f\u00e9d\u00e9rale pr\u00e9f\u00e9rait les mensonges, les attaques personnelles, voire la diffamation en direction des responsables de ces 8 unions.\u00a0 J\u2019ai constat\u00e9 les menaces, les exclusions de \u00ab\u00a0ceux qui ne rentraient pas dans le rang\u00a0\u00bb.<\/span><\/em><\/span><\/span><\/p>\n<p align=\"JUSTIFY\"><span style=\"font-family: Times New Roman, Times New Roman, serif;\"><span style=\"font-size: medium;\"><em class=\"western\"><span style=\"font-family: Arial, sans-serif;\">La politique actuelle de la f\u00e9d\u00e9ration conduit \u00e0 une impasse et \u00e0 son affaiblissement. Perte de cr\u00e9dibilit\u00e9, isolement, fracture interne, autoritarisme, &#8230;\u00a0 Rejet de l&rsquo;autre, non-respect\u00a0de la diff\u00e9rence, bref \u00e0 l&rsquo;oppos\u00e9 de ce que nous disons aux \u00e9l\u00e8ves dans les \u00e9coles.\u00a0Devant l&rsquo;impossibilit\u00e9 de faire \u00e9voluer les choses, l&rsquo;\u00e9cole et les enfants n&rsquo;\u00e9tant plus au c\u0153ur des pr\u00e9occupations de la direction nationale, j&rsquo;ai pr\u00e9f\u00e9r\u00e9 d\u00e9missionner de mes missions de DDEN et donc de la pr\u00e9sidence de l&rsquo;Union de l&rsquo;Is\u00e8re.<\/span><\/em><\/span><\/span><\/p>\n<p align=\"JUSTIFY\"><span style=\"font-family: Times New Roman, Times New Roman, serif;\"><span style=\"font-size: medium;\"><em class=\"western\"><span style=\"font-family: Arial, sans-serif;\">Je suis pr\u00eat \u00e0 reprendre cette mission, soit dans le cadre d&rsquo;une autre <\/span><\/em><em class=\"western\"><span style=\"font-family: Arial, sans-serif;\"><b>F\u00e9d\u00e9ration de DDEN<\/b><\/span><\/em><em class=\"western\"><span style=\"font-family: Arial, sans-serif;\">, soit dans la <\/span><\/em><em class=\"western\"><span style=\"font-family: Arial, sans-serif;\"><b>F\u00e9d\u00e9ration actuelle<\/b><\/span><\/em><em class=\"western\"><span style=\"font-family: Arial, sans-serif;\"> si une autre gouvernance \u00e9tait mise en place, au service de l&rsquo;Ecole, des enfants et des unions d\u00e9partementales, sans exclusion de ceux qui ne pensent pas comme le veut le Pr\u00e9sident.<\/span><\/em><\/span><\/span><\/p>\n<p align=\"CENTER\"><span style=\"font-family: Times New Roman, Times New Roman, serif;\"><span style=\"font-size: medium;\"><em class=\"western\"><span style=\"font-family: Arial, sans-serif;\"><span style=\"font-size: large;\"><b>Patrick Ancillon, ancien DDEN, ancien Pr\u00e9sident de l&rsquo;Union de l&rsquo;Is\u00e8re<\/b><\/span><\/span><\/em><\/span><\/span><\/p>\n","protected":false},"excerpt":{"rendered":"<p>Lors du congr\u00e8s d&rsquo;Obernai j&rsquo;ai malheureusement constat\u00e9 que la direction de la F\u00e9d\u00e9ration (nationale) ne voulait pas entendre la demande de huit unions d\u00e9partementales pour une autre gouvernance de la f\u00e9d\u00e9ration. J&rsquo;ai pu voir que plut\u00f4t que le dialogue, la direction f\u00e9d\u00e9rale pr\u00e9f\u00e9rait les mensonges, les attaques personnelles, voire la diffamation en direction des responsables &hellip; <a href=\"https:\/\/ledeleguelaique.fr\/?p=604\" class=\"more-link\">Continuer la lecture<span class=\"screen-reader-text\"> de &laquo;&nbsp;Point de vue&nbsp;&raquo;<\/span><\/a><\/p>\n","protected":false},"author":1,"featured_media":0,"comment_status":"closed","ping_status":"closed","sticky":false,"template":"","format":"standard","meta":{"footnotes":""},"categories":[17],"tags":[],"_links":{"self":[{"href":"https:\/\/ledeleguelaique.fr\/index.php?rest_route=\/wp\/v2\/posts\/604"}],"collection":[{"href":"https:\/\/ledeleguelaique.fr\/index.php?rest_route=\/wp\/v2\/posts"}],"about":[{"href":"https:\/\/ledeleguelaique.fr\/index.php?rest_route=\/wp\/v2\/types\/post"}],"author":[{"embeddable":true,"href":"https:\/\/ledeleguelaique.fr\/index.php?rest_route=\/wp\/v2\/users\/1"}],"replies":[{"embeddable":true,"href":"https:\/\/ledeleguelaique.fr\/index.php?rest_route=%2Fwp%2Fv2%2Fcomments&post=604"}],"version-history":[{"count":1,"href":"https:\/\/ledeleguelaique.fr\/index.php?rest_route=\/wp\/v2\/posts\/604\/revisions"}],"predecessor-version":[{"id":605,"href":"https:\/\/ledeleguelaique.fr\/index.php?rest_route=\/wp\/v2\/posts\/604\/revisions\/605"}],"wp:attachment":[{"href":"https:\/\/ledeleguelaique.fr\/index.php?rest_route=%2Fwp%2Fv2%2Fmedia&parent=604"}],"wp:term":[{"taxonomy":"category","embeddable":true,"href":"https:\/\/ledeleguelaique.fr\/index.php?rest_route=%2Fwp%2Fv2%2Fcategories&post=604"},{"taxonomy":"post_tag","embeddable":true,"href":"https:\/\/ledeleguelaique.fr\/index.php?rest_route=%2Fwp%2Fv2%2Ftags&post=604"}],"curies":[{"name":"wp","href":"https:\/\/api.w.org\/{rel}","templated":true}]}}