{"id":602,"date":"2022-05-11T14:31:06","date_gmt":"2022-05-11T12:31:06","guid":{"rendered":"https:\/\/ledeleguelaique.fr\/?p=602"},"modified":"2022-05-11T14:31:06","modified_gmt":"2022-05-11T12:31:06","slug":"proposition-reflexion-suite-au-congres-dobernai-pour-une-demarche-constructive-vers-un-collectif-national-dassociations-et-dunions-de-dden","status":"publish","type":"post","link":"https:\/\/ledeleguelaique.fr\/?p=602","title":{"rendered":"Proposition\/R\u00e9flexion suite au Congr\u00e8s d\u2019Obernai, pour une d\u00e9marche constructive\u00a0vers un collectif national d\u2019associations et d\u2019Unions de DDEN."},"content":{"rendered":"<p align=\"CENTER\"><span style=\"font-size: medium;\"><b>Proposition de l\u2019Union de la Vienne<\/b><\/span><\/p>\n<p align=\"JUSTIFY\"><b>Rappel\u00a0<\/b>:<\/p>\n<p align=\"JUSTIFY\">Apr\u00e8s le congr\u00e8s de 2017, un repr\u00e9sentant de notre Union, Conseiller F\u00e9d\u00e9ral, a \u00e9t\u00e9 \u00e9lu Secr\u00e9taire G\u00e9n\u00e9ral. A travers lui, nous avons d\u00e9couvert un fonctionnement f\u00e9d\u00e9ral bas\u00e9 sur la confrontation et le rapport de force.<\/p>\n<p align=\"JUSTIFY\">Au fur et \u00e0 mesure nous avons mesur\u00e9 la difficult\u00e9 de faire juste entendre des divergences voire-m\u00eame simplement des nuances. L\u2019\u00e9change et le travail collectif, d\u00e9mocratique que nous souhaitons n\u2019est pas l\u00e0\u00a0! Nos questions envoy\u00e9es par \u00e9crit, n\u2019ont jamais obtenu de r\u00e9ponses alors que nous proposions un d\u00e9bat.<\/p>\n<p align=\"JUSTIFY\">Est arriv\u00e9, apr\u00e8s une ann\u00e9e o\u00f9, sous pr\u00e9texte de la Covid, l\u2019Assembl\u00e9e G\u00e9n\u00e9rale (appel\u00e9e congr\u00e8s) a \u00e9t\u00e9 annul\u00e9e (et non report\u00e9e en fait\u00a0!), le congr\u00e8s 2021 \u00e0 Obernai.<\/p>\n<p align=\"JUSTIFY\">Le choix du lieu, l\u2019excentration, la limitation du nombre de participants, le refus de r\u00e9pondre aux diff\u00e9rentes questions pos\u00e9es \u00e0 un Conseil F\u00e9d\u00e9ral sourd \u00e0 toutes nos sollicitations au point de ne pas accuser r\u00e9ception d\u2019une lettre, nous ont amen\u00e9s \u00e0 choisir d\u2019\u00eatre pr\u00e9sents \u00e0 Obernai.<\/p>\n<p align=\"JUSTIFY\"><b>Dans la Vienne<\/b>\u00a0:<\/p>\n<ul>\n<li>\n<p align=\"JUSTIFY\">le CA a donn\u00e9 mission \u00e0 son pr\u00e9sident de le repr\u00e9senter\u00a0\u00e0 la fois dans le groupe des Unions qui questionnent et au congr\u00e8s.<\/p>\n<\/li>\n<li>\n<p align=\"JUSTIFY\">lors de l\u2019AG du 25\/09\/2021, par la lecture d\u2019un texte qui leur a \u00e9t\u00e9 ensuite adress\u00e9, la situation a \u00e9t\u00e9 pr\u00e9sent\u00e9e \u00e0 l\u2019ensemble des DDEN. Ils ont manifest\u00e9 leur d\u00e9sir d\u2019\u00eatre tenus inform\u00e9s de l\u2019\u00e9volution de la situation et donc de nos propositions.<\/p>\n<\/li>\n<li>\n<p align=\"JUSTIFY\">le CA a act\u00e9 et soutenu le projet de pr\u00e9sence de 3 administrateurs aupr\u00e8s du Pr\u00e9sident \u00e0 Obernai pour informer, entrer en contact avec les autres unions puis lui faire retour.<\/p>\n<\/li>\n<\/ul>\n<p align=\"JUSTIFY\">Nous devons pr\u00e9ciser quelle a \u00e9t\u00e9 notre r\u00e9flexion cette derni\u00e8re ann\u00e9e\u00a0:<\/p>\n<p align=\"JUSTIFY\"><b>A la lecture les textes, il apparait une incoh\u00e9rence :<\/b><\/p>\n<ul>\n<li>\n<p align=\"JUSTIFY\">Le code de l\u2019\u00e9ducation ne donne pas de cadre clair d\u2019organisation ni aucun moyen aux DDEN pour exercer leur mission, laissant ainsi libre cours \u00e0 l\u2019interpr\u00e9tation.<\/p>\n<\/li>\n<li>\n<p align=\"JUSTIFY\"><b>La d\u00e9l\u00e9gation<\/b> constitu\u00e9e de <b>tous les DDEN<\/b> n\u2019est pas une structure loi 1901 qui autorise une gestion et ne peut aller au-del\u00e0 du d\u00e9partement. C\u2019est le <b>niveau administratif<\/b><\/p>\n<\/li>\n<li>\n<p align=\"JUSTIFY\"><b>La F\u00e9d\u00e9ration<\/b> (loi 1901) est n\u00e9e pour repr\u00e9senter <b>les DDEN adh\u00e9rents. <\/b>C\u2019est le<b> niveau associatif.<\/b><\/p>\n<\/li>\n<\/ul>\n<p align=\"JUSTIFY\"><i>Habituellement des associations naissent avec un projet souvent de proximit\u00e9 puis l\u2019\u00e9largissent et cr\u00e9ent des associations interd\u00e9partementales, r\u00e9gionales ou nationales ou des f\u00e9d\u00e9rations, ces structures prennent appui sur les structures d\u2019origine. Pour les DDEN, les Unions sont n\u00e9es de la F\u00e9d\u00e9ration comme des soutiens n\u00e9cessaires \u00e0 son existence. Ce ne sont pas des \u00e9quipes qui se sont f\u00e9d\u00e9r\u00e9es dans un lien horizontal. <\/i><i><b>Ce qui peut r\u00e9pondre \u00e0 nos questionnements sur un fonctionnement pyramidal.<\/b><\/i><\/p>\n<p align=\"JUSTIFY\">\n<p align=\"JUSTIFY\"><b>Avant le congr\u00e8s<\/b>, nous avons re\u00e7u la circulaire 55-2021, pr\u00e9parant ainsi un conflit\u00a0:<\/p>\n<p align=\"JUSTIFY\">A trois jours d\u2019un Congr\u00e8s, report\u00e9 depuis un an et demi et qui va se d\u00e9rouler en pr\u00e9sence restreinte (un seul d\u00e9l\u00e9gu\u00e9 par union), dans un contexte de pand\u00e9mie, apr\u00e8s un renouvellement quadriennal o\u00f9 le nombre de DDEN a chut\u00e9 de mani\u00e8re spectaculaire sur l\u2019ensemble du territoire et par cons\u00e9quent le nombre d\u2019adh\u00e9rents (contrairement \u00e0 la Vienne) les Conseillers F\u00e9d\u00e9raux choisissent de lancer une proc\u00e9dure judiciaire, <u>donc co\u00fbteuse<\/u>, NON pour d\u00e9fendre l\u2019\u00e9cole publique la\u00efque et les enfants mais pour d\u00e9fendre leur r\u00e9putation ou plus exactement la r\u00e9putation de leur pr\u00e9sident\u00a0contre une publication\u00a0: \u00ab\u00a0le d\u00e9l\u00e9gu\u00e9 la\u00efque\u00a0\u00bb qui \u00e9manerait de quelques DDEN contestataires adh\u00e9rents par ailleurs \u00e0 La Libre Pens\u00e9e. Qui connaitrait l\u2019existence de cette publication si le pr\u00e9sident lui-m\u00eame n\u2019en faisait pas publicit\u00e9 dans ses propres communications\u00a0? A quoi joue-t-il\u00a0? A quoi cela lui sert-il\u00a0?<\/p>\n<p align=\"JUSTIFY\"><b>A Obernai<\/b>\u00a0:<\/p>\n<p align=\"JUSTIFY\">Le vendredi matin, tous les repr\u00e9sentants pr\u00e9sents, des huit unions, qu\u2019ils soient participants directs au Congr\u00e8s ou accompagnateurs, ont d\u00e9fini une position commune :<\/p>\n<ul>\n<li>\n<p align=\"JUSTIFY\">organiser la prise de parole entre les d\u00e9l\u00e9gu\u00e9s participant au congr\u00e8s pour utiliser au mieux le temps qui pourra leur \u00eatre accord\u00e9.<\/p>\n<\/li>\n<li>\n<p align=\"JUSTIFY\">\u00e9crire ensemble les interventions qui seront lues en s\u00e9ance.<\/p>\n<\/li>\n<li>\n<p align=\"JUSTIFY\">retirer tout vocabulaire qui pourrait apparaitre violent et ainsi \u00e9viter de donner des raisons de nous mettre en cause.<\/p>\n<\/li>\n<li>\n<p align=\"JUSTIFY\">tenir sa place toute sa place, rien que sa place, \u00e9viter l\u2019affrontement mais ne pas accepter d\u2019\u00eatre b\u00e2illonn\u00e9.<\/p>\n<\/li>\n<li>\n<p align=\"JUSTIFY\">se soutenir pour que, malgr\u00e9 la violence des propos que tous ont d\u00e9j\u00e0 pu exp\u00e9rimenter, chacun reste dans une prise de parole claire et sans exc\u00e8s de langage.<\/p>\n<\/li>\n<\/ul>\n<p align=\"JUSTIFY\">Cette position a \u00e9t\u00e9 tenue malgr\u00e9 les mises en cause scandaleuses essentiellement sur la forme. Comment peut-on parler de m\u00e9diation, de bienveillance, de d\u00e9mocratie quand on interdit \u00e0 l\u2019autre d\u2019exister\u00a0et qu\u2019on emploie \u00e0 son \u00e9gard un vocabulaire outrancier, violent, injurieux\u00a0?<\/p>\n<p align=\"JUSTIFY\"><b>Pour les accompagnateurs<\/b>, ils se sont charg\u00e9s d\u2019informer, en distribuant des documents aux congressistes \u00e0 leur arriv\u00e9e. Afin de ne pas \u00eatre accus\u00e9s de perturber les travaux, il a \u00e9t\u00e9 d\u00e9cid\u00e9 que les accompagnateurs de rentreraient pas sur le site, ce qui fut le cas. N\u00e9anmoins, cette action a \u00e9t\u00e9 vilipend\u00e9e \u00e0 la tribune.<\/p>\n<p align=\"JUSTIFY\">Malgr\u00e9 cette attitude apais\u00e9e de notre part, certains conseillers f\u00e9d\u00e9raux sont venus \u00ab\u00a0poser des questions\u00a0\u00bb qui en fait ont \u00e9t\u00e9 des affirmations contre nous, refusant de nous \u00e9couter et nous certifiant que nous \u00e9tions des comparses du \u00ab\u00a0d\u00e9l\u00e9gu\u00e9 la\u00efque\u00a0\u00bb.<\/p>\n<p align=\"JUSTIFY\">D\u2019autres, arrivant en voiture, ont fonc\u00e9 sur nous avec la ferme intention de ne pas s\u2019arr\u00eater. Par s\u00e9curit\u00e9, nous nous sommes retir\u00e9s au dernier moment.<\/p>\n<p align=\"JUSTIFY\">Enfin un nouveau DDEN de l\u2019Orne, photographe ami du pr\u00e9sident, selon ses dires, est venu nous prendre en photo devant l\u2019entr\u00e9e. Nous lui avons indiqu\u00e9 notre ferme opposition \u00e0 la publication de ces photos prises sans notre accord (droit \u00e0 l\u2019image).<\/p>\n<p align=\"JUSTIFY\">Heureusement le grand nombre a re\u00e7u nos documents et l\u2019\u00e9change a eu lieu avec certains.<\/p>\n<p align=\"CENTER\"><b>\u00a7\u00a7\u00a7\u00a7\u00a7\u00a7\u00a7\u00a7\u00a7\u00a7\u00a7\u00a7\u00a7<\/b><\/p>\n<p align=\"JUSTIFY\"><b>A l\u2019ouverture du congr\u00e8s,<\/b> les accompagnateurs qui ne pouvaient aller au-del\u00e0, se sont retrouv\u00e9s pour r\u00e9fl\u00e9chir et travailler sur l\u2019avenir de ce groupe.<\/p>\n<p align=\"JUSTIFY\">D\u00e9j\u00e0, des statuts pour une \u00ab\u00a0nouvelle f\u00e9d\u00e9ration\u00a0\u00bb avaient \u00e9t\u00e9 propos\u00e9s par le pr\u00e9sident de l\u2019Is\u00e8re. Ce document nous a servi de base de r\u00e9flexion.<\/p>\n<p align=\"JUSTIFY\">Nous avons d\u2019abord lu et modifi\u00e9 cette proposition de statuts et au fur et \u00e0 mesure il nous est apparu \u00e9videment que nous abordions les choses dans le mauvais sens\u00a0: nous \u00e9tions en train d\u2019envisager une f\u00e9d\u00e9ration bis en opposition puisque partant de l\u2019existant, or il nous semble qu\u2019une d\u00e9marche \u00ab\u00a0contre\u00a0\u00bb est vici\u00e9e de fait puisque r\u00e9active et non productive, nous devons <b>nous engager sur un projet que nous allons cr\u00e9er \u00e0 partir de notre conception de la fonction de DDEN et de notre conception du travail collectif dans un cadre d\u00e9mocratique. Cr\u00e9er POUR et non CONTRE.<\/b><\/p>\n<p align=\"JUSTIFY\">Nous avons d\u2019abord port\u00e9 notre regard sur ce que nous connaissons et qui ne nous convient pas avant d\u2019envisager\u00a0l\u2019avenir :<\/p>\n<ul>\n<li>\n<p align=\"JUSTIFY\">la f\u00e9d\u00e9ration existe, nous y adh\u00e9rons. En sortir minoritaire est-ce une bonne chose\u00a0?<\/p>\n<\/li>\n<li>\n<p align=\"JUSTIFY\">laisser la main \u00e0 ceux qui nous refusent la parole, est-ce efficient\u00a0? les pr\u00e9sidents passent et la f\u00e9d\u00e9ration reste et elle nous appartient autant qu\u2019\u00e0 ceux qui sont actuellement en responsabilit\u00e9.<\/p>\n<\/li>\n<li>\n<p align=\"JUSTIFY\">la f\u00e9d\u00e9ration a \u00e9t\u00e9 constitu\u00e9e pour repr\u00e9senter tous les DDEN, puis les Unions sont n\u00e9es pour faire vivre la f\u00e9d\u00e9ration, ce qui est inverse \u00e0 ce qui se fait habituellement o\u00f9 des associations, dont le but est proche, se f\u00e9d\u00e8rent pour \u00eatre mieux entendues.<\/p>\n<\/li>\n<li>\n<p align=\"JUSTIFY\">en r\u00e9alit\u00e9, aujourd\u2019hui nombre de DDEN n\u2019adh\u00e9rent pas \u00e0 la f\u00e9d\u00e9ration, ils sont seuls.<\/p>\n<\/li>\n<\/ul>\n<p align=\"JUSTIFY\">Partant de notre besoin de nous retrouver pour des \u00e9changes d\u2019analyses, de pratiques afin d\u2019\u00eatre porteur de propositions pour l\u2019\u00e9cole, nous proposons <b>la cr\u00e9ation d\u2019un Collectif National d\u2019associations et\/ou d\u2019Unions ainsi que des DDEN esseul\u00e9s dans leur territoire <\/b>avec pour buts\u00a0:<\/p>\n<ul>\n<li>\n<p align=\"JUSTIFY\"><i><b>D\u00e9fendre l\u2019\u00e9cole de la R\u00e9publique publique, la\u00efque<\/b><\/i><\/p>\n<\/li>\n<li>\n<p align=\"JUSTIFY\"><i><b>Cr\u00e9er du lien entre les Associations et Unions au service de l\u2019\u00e9cole et des enfants<\/b><\/i><\/p>\n<\/li>\n<li>\n<p align=\"JUSTIFY\"><i><b>Soutenir les DDEN, o\u00f9 qu\u2019ils soient, dans leur fonction en l\u2019enrichissant par le partage de nos r\u00e9flexions.<\/b><\/i><\/p>\n<\/li>\n<li>\n<p align=\"JUSTIFY\"><i><b>Proposer des actions (\u00e9changes entre d\u00e9partements, r\u00e9flexion sur une pr\u00e9occupation partag\u00e9e, etc\u2026)<\/b><\/i><\/p>\n<\/li>\n<\/ul>\n<p align=\"JUSTIFY\">Pour la r\u00e9daction des statuts de ce Collectif, nous proposons de partir, non des statuts de la f\u00e9d\u00e9ration, mais des statuts type propos\u00e9s par L\u00e9gifrance en prenant conseil aupr\u00e8s d\u2019un juriste.<\/p>\n<p align=\"JUSTIFY\">Il s\u2019agirait d\u2019un collectif d\u2019unions, (m\u00eame si nous pouvons accepter des adh\u00e9sions individuelles pour ceux qui sont dans des d\u00e9partements o\u00f9 ils se trouvent seuls), donc <b>l\u2019adh\u00e9sion serait une adh\u00e9sion d\u2019unions.<\/b> L\u2019adh\u00e9sion pourrait \u00eatre fix\u00e9e par paliers selon nombre d\u2019adh\u00e9rents \u00e0 l\u2019union.<\/p>\n<p align=\"JUSTIFY\"><b>L\u2019organisation serait horizontale avec une pr\u00e9sidence tournante, \u00e9vitant ainsi la prise de pouvoir d\u2019individus.<\/b> La communication par t\u00e9l\u00e9phone, mail et visioconf\u00e9rence serait privil\u00e9gi\u00e9e pour des questions financi\u00e8res m\u00eame s\u2019il faut envisager des rencontres qui renforcent les liens, rencontres qui dans la proximit\u00e9 n\u2019exclut \u00e9videmment pas les DDEN hors CA.<\/p>\n<p align=\"JUSTIFY\"><b>Doit-on choisir entre f\u00e9d\u00e9ration et association d\u2019unions\u00a0?<\/b><\/p>\n<p align=\"JUSTIFY\">A notre sens non. Nous ne sommes pas sur le m\u00eame \u00ab\u00a0cr\u00e9neau\u00a0\u00bb. Pour nous, rester adh\u00e9rent de la f\u00e9d\u00e9ration permet de garder le lien avec les autres, d\u2019\u00eatre l\u00e0 lorsque d\u2019autres prendront conscience du syst\u00e8me d\u2019emprise qui est \u00e0 l\u2019\u0153uvre et pour chacun il faut du temps. Nous tous avons d\u00e9crypt\u00e9 le fonctionnement actuel chacun \u00e0 notre rythme, en fonction de nos exp\u00e9riences, de nos engagements du moment, de l\u2019organisation de notre union\u2026 A Obernai, nous avons manifest\u00e9 nos inqui\u00e9tudes sans agressivit\u00e9, nous avons \u00e9chang\u00e9 autant que possible. Laissons maintenant le temps faire son \u0153uvre. Rester, pour l\u2019instant, dans la F\u00e9d\u00e9ration nous apparait n\u00e9cessaire, en veillant \u00e0 refuser le conflit qui ne fait qu\u2019alimenter le d\u00e9lire parano\u00efaque et la cr\u00e9ation d\u2019affrontements, la volont\u00e9 d\u2019en d\u00e9coudre. Cela n\u2019est plus notre souci. Nous souhaitons rester attentifs, vigilants. Nous reprendrons parole de mani\u00e8re apais\u00e9e, par \u00e9crit autant que de besoin lorsqu\u2019un article du \u00ab\u00a0d\u00e9l\u00e9gu\u00e9\u00a0\u00bb affirmera une ineptie et cela sans attendre la moindre r\u00e9ponse. Juste rappeler que nous ne d\u00e9missionnons pas. Nous sommes l\u00e0 mais <b>nous mettrons notre \u00e9nergie dans un projet positif en cr\u00e9ant un collectif d\u2019unions qui se veut un lieu de d\u00e9mocratie et de construction.<\/b><\/p>\n<p align=\"JUSTIFY\">Il nous semble utile de rester adh\u00e9rent de la f\u00e9d\u00e9ration en restant en retrait et de nous investir dans un travail commun au sein de ce collectif des unions<b>. Mais comme l\u2019adh\u00e9sion est individuelle, chaque DDEN choisira, bien entendu, de rester ou non adh\u00e9rent \u00e0 la f\u00e9d\u00e9ration.<\/b><\/p>\n<p align=\"JUSTIFY\">Texte qui peut servir de point de d\u00e9part \u00e0 une construction commune.<\/p>\n<p align=\"JUSTIFY\">Le 16 d\u00e9cembre 2021<\/p>\n<p align=\"JUSTIFY\"><b>Pour l\u2019Union de la Vienne<\/b><\/p>\n<p align=\"JUSTIFY\">MJ. COURTOIS avec la collaboration du CA<\/p>\n","protected":false},"excerpt":{"rendered":"<p>Proposition de l\u2019Union de la Vienne Rappel\u00a0: Apr\u00e8s le congr\u00e8s de 2017, un repr\u00e9sentant de notre Union, Conseiller F\u00e9d\u00e9ral, a \u00e9t\u00e9 \u00e9lu Secr\u00e9taire G\u00e9n\u00e9ral. A travers lui, nous avons d\u00e9couvert un fonctionnement f\u00e9d\u00e9ral bas\u00e9 sur la confrontation et le rapport de force. Au fur et \u00e0 mesure nous avons mesur\u00e9 la difficult\u00e9 de faire juste &hellip; <a href=\"https:\/\/ledeleguelaique.fr\/?p=602\" class=\"more-link\">Continuer la lecture<span class=\"screen-reader-text\"> de &laquo;&nbsp;Proposition\/R\u00e9flexion suite au Congr\u00e8s d\u2019Obernai, pour une d\u00e9marche constructive\u00a0vers un collectif national d\u2019associations et d\u2019Unions de DDEN.&nbsp;&raquo;<\/span><\/a><\/p>\n","protected":false},"author":1,"featured_media":0,"comment_status":"closed","ping_status":"closed","sticky":false,"template":"","format":"standard","meta":{"footnotes":""},"categories":[17],"tags":[],"_links":{"self":[{"href":"https:\/\/ledeleguelaique.fr\/index.php?rest_route=\/wp\/v2\/posts\/602"}],"collection":[{"href":"https:\/\/ledeleguelaique.fr\/index.php?rest_route=\/wp\/v2\/posts"}],"about":[{"href":"https:\/\/ledeleguelaique.fr\/index.php?rest_route=\/wp\/v2\/types\/post"}],"author":[{"embeddable":true,"href":"https:\/\/ledeleguelaique.fr\/index.php?rest_route=\/wp\/v2\/users\/1"}],"replies":[{"embeddable":true,"href":"https:\/\/ledeleguelaique.fr\/index.php?rest_route=%2Fwp%2Fv2%2Fcomments&post=602"}],"version-history":[{"count":1,"href":"https:\/\/ledeleguelaique.fr\/index.php?rest_route=\/wp\/v2\/posts\/602\/revisions"}],"predecessor-version":[{"id":603,"href":"https:\/\/ledeleguelaique.fr\/index.php?rest_route=\/wp\/v2\/posts\/602\/revisions\/603"}],"wp:attachment":[{"href":"https:\/\/ledeleguelaique.fr\/index.php?rest_route=%2Fwp%2Fv2%2Fmedia&parent=602"}],"wp:term":[{"taxonomy":"category","embeddable":true,"href":"https:\/\/ledeleguelaique.fr\/index.php?rest_route=%2Fwp%2Fv2%2Fcategories&post=602"},{"taxonomy":"post_tag","embeddable":true,"href":"https:\/\/ledeleguelaique.fr\/index.php?rest_route=%2Fwp%2Fv2%2Ftags&post=602"}],"curies":[{"name":"wp","href":"https:\/\/api.w.org\/{rel}","templated":true}]}}