{"id":506,"date":"2021-10-19T22:19:12","date_gmt":"2021-10-19T20:19:12","guid":{"rendered":"https:\/\/ledeleguelaique.fr\/?p=506"},"modified":"2021-10-19T22:19:12","modified_gmt":"2021-10-19T20:19:12","slug":"lettre-de-8-unions-departementales-au-president-de-la-federation-des-dden","status":"publish","type":"post","link":"https:\/\/ledeleguelaique.fr\/?p=506","title":{"rendered":"Lettre de 8 Unions D\u00e9partementales au Pr\u00e9sident de la F\u00e9d\u00e9ration des DDEN"},"content":{"rendered":"<p>Monsieur le Pr\u00e9sident,<\/p>\n<p>Les Unions d\u00e9partementale signataires du pr\u00e9sent courrier accusent r\u00e9ception de votre circulaire du 30 juin nous informant que \u00ab\u00a0<em>compte-tenu des contraintes, [le Conseil f\u00e9d\u00e9ral] a d\u00e9cid\u00e9 que les Unions participantes au Congr\u00e8s d&rsquo;Obernai en pr\u00e9sentiel, n&rsquo;auront qu&rsquo;un repr\u00e9sentant porteur des mandats habituels du d\u00e9partement\u00a0\u00bb.<\/em><\/p>\n<p>Vous pr\u00e9cisez que \u00ab\u00a0<em>les s\u00e9quences du congr\u00e8s seront diffus\u00e9es en visio sur le site Intranet de la F\u00e9d\u00e9ration\u00a0\u00bb.<\/em><\/p>\n<p>Ces d\u00e9cisions nous paraissent contraires aux statuts et au r\u00e8glement int\u00e9rieur de notre F\u00e9d\u00e9ration pour les raisons suivantes : (&#8230;)<\/p>\n<div id=\"wppdfemb-frame-container-2\"><iframe id=\"wppdf-emb-iframe-2\" scrolling=\"no\" data-pdf-index=\"2\" class=\"pdfembed-iframe nonfullscreen\" style=\"border: none; width:100%; max-width: 100%; min-height: 1000px;\" src=\"https:\/\/ledeleguelaique.fr?url=https%3A%2F%2Fledeleguelaique.fr%2Fwp-content%2Fuploads%2F2021%2F10%2FLettre-de-huit-Unions-departementales.pdf&title=Lettre+de+huit+Unions+d%C3%A9partementales&pdfID=2&index=2\" ><\/iframe><\/div>\n","protected":false},"excerpt":{"rendered":"<p>Monsieur le Pr\u00e9sident, Les Unions d\u00e9partementale signataires du pr\u00e9sent courrier accusent r\u00e9ception de votre circulaire du 30 juin nous informant que \u00ab\u00a0compte-tenu des contraintes, [le Conseil f\u00e9d\u00e9ral] a d\u00e9cid\u00e9 que les Unions participantes au Congr\u00e8s d&rsquo;Obernai en pr\u00e9sentiel, n&rsquo;auront qu&rsquo;un repr\u00e9sentant porteur des mandats habituels du d\u00e9partement\u00a0\u00bb. Vous pr\u00e9cisez que \u00ab\u00a0les s\u00e9quences du congr\u00e8s seront &hellip; <a href=\"https:\/\/ledeleguelaique.fr\/?p=506\" class=\"more-link\">Continuer la lecture<span class=\"screen-reader-text\"> de &laquo;&nbsp;Lettre de 8 Unions D\u00e9partementales au Pr\u00e9sident de la F\u00e9d\u00e9ration des DDEN&nbsp;&raquo;<\/span><\/a><\/p>\n","protected":false},"author":1,"featured_media":0,"comment_status":"closed","ping_status":"closed","sticky":false,"template":"","format":"standard","meta":{"footnotes":""},"categories":[15],"tags":[],"_links":{"self":[{"href":"https:\/\/ledeleguelaique.fr\/index.php?rest_route=\/wp\/v2\/posts\/506"}],"collection":[{"href":"https:\/\/ledeleguelaique.fr\/index.php?rest_route=\/wp\/v2\/posts"}],"about":[{"href":"https:\/\/ledeleguelaique.fr\/index.php?rest_route=\/wp\/v2\/types\/post"}],"author":[{"embeddable":true,"href":"https:\/\/ledeleguelaique.fr\/index.php?rest_route=\/wp\/v2\/users\/1"}],"replies":[{"embeddable":true,"href":"https:\/\/ledeleguelaique.fr\/index.php?rest_route=%2Fwp%2Fv2%2Fcomments&post=506"}],"version-history":[{"count":1,"href":"https:\/\/ledeleguelaique.fr\/index.php?rest_route=\/wp\/v2\/posts\/506\/revisions"}],"predecessor-version":[{"id":508,"href":"https:\/\/ledeleguelaique.fr\/index.php?rest_route=\/wp\/v2\/posts\/506\/revisions\/508"}],"wp:attachment":[{"href":"https:\/\/ledeleguelaique.fr\/index.php?rest_route=%2Fwp%2Fv2%2Fmedia&parent=506"}],"wp:term":[{"taxonomy":"category","embeddable":true,"href":"https:\/\/ledeleguelaique.fr\/index.php?rest_route=%2Fwp%2Fv2%2Fcategories&post=506"},{"taxonomy":"post_tag","embeddable":true,"href":"https:\/\/ledeleguelaique.fr\/index.php?rest_route=%2Fwp%2Fv2%2Ftags&post=506"}],"curies":[{"name":"wp","href":"https:\/\/api.w.org\/{rel}","templated":true}]}}