{"id":433,"date":"2021-04-07T17:53:00","date_gmt":"2021-04-07T15:53:00","guid":{"rendered":"https:\/\/ledeleguelaique.fr\/?p=433"},"modified":"2021-04-07T17:53:00","modified_gmt":"2021-04-07T15:53:00","slug":"normalisation-et-epuration-dans-les-bouches-du-rhone","status":"publish","type":"post","link":"https:\/\/ledeleguelaique.fr\/?p=433","title":{"rendered":"Normalisation et \u00e9puration dans les Bouches-du-Rh\u00f4ne"},"content":{"rendered":"<p>Mesdames et messieurs les pr\u00e9sidents des Unions des DDEN<\/p>\n<p>Mesdames et messieurs les Conseillers f\u00e9d\u00e9raux,<\/p>\n<p>Chers Coll\u00e8gues,<\/p>\n<p><strong>Le CA de l\u2019Union des DDEN des Bouches-du-Rh\u00f4ne a d\u00e9cid\u00e9 de vous informer des faits suivants concernant le diff\u00e9rend((<\/strong>Le diff\u00e9rend porte sur les motifs de la radiation du Pr\u00e9sident de l\u2019Union (11\/19) par rapport \u00e0 la r\u00e9alit\u00e9 des faits reproch\u00e9s et les ing\u00e9rences de la F\u00e9d\u00e9ration pour reprendre en main l\u2019Union, au m\u00e9pris de tout respect du contexte juridique associatif.<strong>)) <\/strong><strong>qui nous oppose \u00e0 la F\u00e9d\u00e9ration depuis quelques mois, et qui s\u2019amplifie ces derni\u00e8res semaines.<\/strong><\/p>\n<p>Par d\u00e9cision d\u2019un conseil F\u00e9d\u00e9ral qui se serait tenu par correspondance le 1er d\u00e9cembre 2020, sans d\u00e9bat contradictoire, et sans que soient transmis aux conseillers les courriers envoy\u00e9s par l\u2019UDDEN13 pour expliquer notre situation et notre volont\u00e9 de sortir de ce conflit, les conseillers f\u00e9d\u00e9raux, ont confirm\u00e9 par leur vote que l\u2019UDDEN 13 \u00ab <em>se serait mise hors de la F\u00e9d\u00e9ration<\/em> \u00bb. M.KHALDI \u00e9crit le 8\/12\/20 \u00ab<em> il n y a plus d\u2019union des BDR<\/em> \u00bb et donc consid\u00e9rant que notre union aurait \u00e9t\u00e9 exclue de la F\u00e9d\u00e9ration, il \u0153uvre actuellement \u00e0 la mise en place d\u2019une nouvelle union.<\/p>\n<p>Nous constatons que l\u2019article 3 du RI de la F\u00e9d\u00e9ration, qui pr\u00e9voit la radiation d\u2019une Union, n\u2019a jamais \u00e9t\u00e9 respect\u00e9. L\u2019UDDEN13 n\u2019a pas \u00e9t\u00e9 inform\u00e9e de la proc\u00e9dure qui s\u2019est mise en place contre elle par lettre recommand\u00e9e. Nous n\u2019avons pas \u00e9t\u00e9 invit\u00e9s \u00e0 pr\u00e9senter notre d\u00e9fense. Nous n\u2019avons pas re\u00e7u la lettre recommand\u00e9e nous mentionnant notre exclusion. Si cela avait \u00e9t\u00e9 le cas, nous aurions conform\u00e9ment \u00e0 l\u2019article 3 demand\u00e9 \u00e0 \u00eatre entendus par le congr\u00e8s.<\/p>\n<p>Par diff\u00e9rents courriers adress\u00e9s aux pr\u00e9sidents des d\u00e9l\u00e9gations et aux DDEN du d\u00e9partement M.KHALDI pr\u00e9tend que les cotisations n\u2019auraient pas \u00e9t\u00e9 pay\u00e9es \u00e0 la F\u00e9d\u00e9ration en 2020 et leur demande d\u2019adh\u00e9rer directement au national et de rejoindre un collectif qu\u2019il essaie de former sur Marseille. Ces courriers portent le discr\u00e9dit et l\u2019anath\u00e8me sur des d\u00e9l\u00e9gu\u00e9s d\u00e9partementaux en proc\u00e9dant par diffamation.<\/p>\n<p>Nombre de courriers ont \u00e9t\u00e9 \u00e9chang\u00e9s avec la F\u00e9d\u00e9ration ces derniers mois, pour affirmer notre volont\u00e9 de sortir de ce conflit par la voie d\u00e9mocratique de l\u2019\u00e9lection lors de notre prochaine AG du 30 janvier 2021. Mais devant la persistance des all\u00e9gations d\u2019exclusion de l\u2019Union, de courriers diffamatoires \u00e0 l\u2019\u00e9gard de nos administrateurs, de mensonges sur le fonctionnement de notre association, les administrateurs ont souhait\u00e9 mettre un terme \u00e0 cette situation qui emp\u00eache les DDEN d\u2019exercer sereinement leurs missions.<\/p>\n<p>Le Conseil d\u2019administration de l\u2019Union D\u00e9partementale des BDR a fait appel aux services d\u2019un conseil juridique pour que cessent ces actes de d\u00e9nigrement \u00e0 l\u2019encontre de l\u2019Union et des personnes qui en ont la responsabilit\u00e9. A d\u00e9faut, nous agirions, dans le cadre d\u2019une proc\u00e9dure judiciaire, \u00e0 l\u2019encontre de la F\u00e9d\u00e9ration et\/ou son Pr\u00e9sident.<\/p>\n<p><strong>Nous nous devions de vous informer sur ces pratiques qui ternissent l\u2019image de tous les DDEN. Le CA de l\u2019UDDEN13<\/strong><\/p>\n<p><em>Veuillez trouver ci-joint un r\u00e9sum\u00e9 de ce qui s\u2019est pass\u00e9 ces derniers mois.<\/em><\/p>\n<h4>NOTE D\u2019OPPORTUNIT\u00c9 du 07\/01\/21<\/h4>\n<p><em>En septembre 2019, le Bureau F\u00e9d\u00e9ral a suspendu notre Pr\u00e9sident, Monsieur Krikorian, puis par d\u00e9cision du 14 novembre 2019 a d\u00e9cid\u00e9 de l\u2019exclure((Motif : remerciements adress\u00e9s \u00e0 la Ville de Marseille incluant la F\u00e9d\u00e9ration et diffusion d\u2019un compl\u00e9ment de synth\u00e8se, portant sur l\u2019exploitation des visites de 47 \u00e9coles effectu\u00e9es par l\u2019UD13, visites qui n\u2019avaient pas \u00e9t\u00e9 effectu\u00e9es lors de la 1\u00e8re s\u00e9rie de visites et non une synth\u00e8se de toutes les \u00e9coles dont il aurait \u00e9t\u00e9 n\u00e9goci\u00e9e, avec M.KHALDI, qu\u2019elle ne serait rendue qu\u2019apr\u00e8s les \u00e9lections municipales.))<\/em><\/p>\n<p><em>Le Conseil f\u00e9d\u00e9ral pr\u00e9sid\u00e9 par M Khaldi, aurait alors d\u00e9cid\u00e9 de \u00ab prendre l\u2019initiative \u00bb (sans en informer le CA des BdR) d\u2019organiser une Assembl\u00e9e G\u00e9n\u00e9rale Extraordinaire des\u00a0 D\u00e9l\u00e9gu\u00e9s D\u00e9partementaux de l\u2019Education Nationale (DDEN) des Bouches du Rh\u00f4ne afin d\u2019\u00e9lire un nouveau pr\u00e9sident en ses lieux et place.<\/em><\/p>\n<p><em>Divers courriers ont \u00e9t\u00e9 envoy\u00e9s par M. Khaldi : au DASEN des BdR lui demandant de bien vouloir radier M. Molinard, le Pr\u00e9sident D\u00e9partemental, et M. Krikorian, de la liste des DDEN du d\u00e9partement. L\u2019IA n\u2019a pas donn\u00e9 suite ; \u00e0 la Ville de Marseille, ainsi qu\u2019\u00e0 la DGESCO qui ont \u00e9t\u00e9 inform\u00e9es de cette situation. Nous n\u2019avons eu connaissance de ces courriers qu\u2019en octobre 2020.<\/em><\/p>\n<p><em>Sans nouvelles de la F\u00e9d\u00e9ration qui a ignor\u00e9 le Conseil d\u2019administration de l\u2019UD 13, l\u2019AG souveraine de janvier 2020 pr\u00e9sid\u00e9 par notre Vice-pr\u00e9sident s\u2019est r\u00e9unie. Par la Motion adopt\u00e9e \u00e0 l\u2019unanimit\u00e9 des pr\u00e9sents et repr\u00e9sent\u00e9s, l\u2019AG a d\u00e9nonc\u00e9 les actes d\u2019ing\u00e9rence du Conseil F\u00e9d\u00e9ral dans le fonctionnement de l\u2019Union. L\u2019AG souveraine a demand\u00e9 au CA du d\u00e9partement de r\u00e9tablir dans ses fonctions M. Krikorian en tant que Pr\u00e9sident de l\u2019UDDEN13.<\/em><\/p>\n<ul>\n<li><em>Le CA de rentr\u00e9e a adopt\u00e9 les nouveaux statuts et le r\u00e8glement int\u00e9rieur. Conform\u00e9ment aux statuts en vigueur, il a convoqu\u00e9 une AGE<\/em><i> <em>((La p\u00e9riode du confinement a \u00e9t\u00e9 l\u2019occasion pour les membres du CA de s\u2019interroger sur les statuts de l\u2019Union. Ils pr\u00e9voyaient un renouvellement de ses membres tous les 4 ans et imposaient une anciennet\u00e9 de 4 ans dans l\u2019Union pour postuler au CA. Ces dispositions ne permettaient plus d\u2019avoir un CA complet et nous contraignaient \u00e0 coopter des repr\u00e9sentants qui n\u2019avaient qu\u2019une voix consultative. Les nouveaux statuts ont \u00e9t\u00e9 travaill\u00e9s durant l\u2019\u00e9t\u00e9 ainsi qu\u2019un R\u00e8glement Int\u00e9rieur.))<\/em><\/i><em>pour le 10 octobre 2020. Les adh\u00e9rents ont \u00e9t\u00e9 inform\u00e9s de sa tenue conform\u00e9ment au RI en vigueur : 27 \u00e9taient pr\u00e9sents et 19 repr\u00e9sent\u00e9s pour 63 adh\u00e9rents \u00e0 jour de leur cotisation. Faute de quorum, une seconde AGE a \u00e9t\u00e9 convoqu\u00e9e conform\u00e9ment aux statuts une heure apr\u00e8s.<strong> Les nouveaux statuts ont \u00e9t\u00e9 pr\u00e9sent\u00e9s \u00e0 l\u2019assembl\u00e9e en insistant sur l\u2019esprit dans lequel ils ont \u00e9t\u00e9 \u00e9crits. Le d\u00e9bat qui s\u2019en est suivi a permis de r\u00e9aliser un consensus :<\/strong><\/em><\/li>\n<li><em>apr\u00e8s la suppression sans son remplacement de l\u2019article 1.3 des statuts propos\u00e9s,<\/em><\/li>\n<li><em>et \u00e0 la condition de la mise aux voix d\u2019une motion demandant au bureau de<\/em><\/li>\n<\/ul>\n<p><em>l\u2019Union de reprendre contact avec la F\u00e9d\u00e9ration par l\u2019interm\u00e9diaire du conseiller F\u00e9d\u00e9ral responsable de la r\u00e9gion PACA afin de sortir de la situation d\u00e9licate vis-\u00e0-vis de la F\u00e9d\u00e9ration dans laquelle se trouvait l\u2019Union D\u00e9partementale.<\/em><\/p>\n<p><em>Mis aux voix les nouveaux statuts, dont l\u2019article 1.3 a \u00e9t\u00e9 supprim\u00e9, ont \u00e9t\u00e9 adopt\u00e9s \u00e0 l\u2019unanimit\u00e9 des pr\u00e9sents : 24 pour, 0 contre, 0 abstention, 3 refus de vote.<\/em><\/p>\n<p><em>Mise aux voix la motion a \u00e9t\u00e9 adopt\u00e9e \u00e0 l\u2019unanimit\u00e9 des pr\u00e9sents et repr\u00e9sent\u00e9s : 39 pour, 0 contre, 0 abstentions, 7 refus de vote.<\/em><\/p>\n<p><em>Le soir m\u00eame, une demande de rendez-vous a \u00e9t\u00e9 envoy\u00e9e \u00e0 M. Racani\u00e8re conform\u00e9ment \u00e0 la motion vot\u00e9e \u00e0 l\u2019AGE.<\/em><\/p>\n<p><em>Pour toute r\u00e9ponse le 14 octobre 2020, M. Khaldi \u00e9crivait \u00e0 tous les pr\u00e9sidents des d\u00e9l\u00e9gations du d\u00e9partement. Il d\u00e9clarait que l\u2019UD13 s\u2019\u00e9tait plac\u00e9e en dehors de la F\u00e9d\u00e9ration en convoquant une AGE alors qu\u2019il comptait la convoquer lui-m\u00eame. Il suspendait l\u2019UD13 ainsi que les d\u00e9l\u00e9gations de Marseille et d\u2019Istres.<\/em><\/p>\n<p><em>Les adh\u00e9rents de notre d\u00e9partement ont re\u00e7u alors des messages et courriers, les uns \u00e9manant de la F\u00e9d\u00e9ration nationale((Courriers du 13\/10\/2020 sans r\u00e9f\u00e9rence, sign\u00e9 de E.KHALDI, courrier du 14\/10\/2020 transmis par courriel du 14\/10\/2020 et envoi postal Ref : EK\/L.14\/2020 )), les autres d\u2019un collectif de DDEN((D\u00e9claration du collectif par courriel 09\/11\/2020 )) qui s\u2019est cr\u00e9\u00e9 sur Marseille, \u00e0 l\u2019unisson de la F\u00e9d\u00e9ration.<\/em><br \/>\n<em>La F\u00e9d\u00e9ration nationale a enjoint((Courrier du 14\/10\/20 : EK\/L.14\/2020 )) les adh\u00e9rents de l\u2019UD 13 \u00e0 se placer sous sa gestion administrative. La F\u00e9d\u00e9ration faisant \u00e9tat de la d\u00e9cision du Conseil F\u00e9d\u00e9ral prise le 14 novembre 2019, d\u2019organiser une AGE, en vue \u00ab d\u2019\u00e9lire un nouveau Pr\u00e9sident et installer un CA d\u00e9partemental &#8230; sous le contr\u00f4le de la F\u00e9d\u00e9ration((Courrier du 13\/10\/20 sign\u00e9 de E.KHALDI, sans r\u00e9f\u00e9rence administrative )) \u00bb.<\/em><\/p>\n<p><em>Le Conseil d\u2019Administration de l\u2019UD 13 d\u00e9nonce ces d\u00e9cisions arbitraires, qui ne lui ont jamais \u00e9t\u00e9 signifi\u00e9es par quelque courrier officiel que ce soit, suite au Conseil F\u00e9d\u00e9ral du 14\/11\/2019, ni du 01\/12\/20. Ces mesures sont prises ill\u00e9galement, au vu des proc\u00e9dures qui les encadrent, pr\u00e9vues au r\u00e8glement int\u00e9rieur de la F\u00e9d\u00e9ration.<\/em><\/p>\n<p><em>Actuellement, notre \u00ab repr\u00e9sentation d\u00e9partementale \u00bb ferait l\u2019objet d\u2019une \u00ab suspension \u00bb((Idem courrier du 14\/10\/20 : EK\/L.14\/2020 )), privant les DDEN de l\u2019acc\u00e8s aux outils informatiques que nous avions dynamis\u00e9s.<\/em><\/p>\n<p><em>Le Conseil d\u2019Administration de l\u2019UD 13 demande le r\u00e9tablissement de l\u2019acc\u00e8s aux outils f\u00e9d\u00e9raux par les DDEN 13, accessibles \u00e0 tous membres adh\u00e9rents \u00e0 la F\u00e9d\u00e9ration, ainsi que tous documents aff\u00e9rents au fonctionnement de la d\u00e9l\u00e9gation, tels que pr\u00e9vus dans l\u2019adh\u00e9sion de toute Union d\u00e9partementale.<\/em><\/p>\n<p><em>Ces derni\u00e8res semaines un collectif de DDEN s\u2019est constitu\u00e9 sur Marseille. Ils appellent les DDEN13 \u00e0 quitter l\u2019UD 13 pour les rejoindre pour \u00ab y construire les nouvelles bases d\u2019une Union d\u00e9partementale reconnue par la F\u00e9d\u00e9ration Nationale \u00bb. Aujourd\u2019hui, la F\u00e9d\u00e9ration, en s\u2019adressant pour les DDEN 13 \u00e0 ces personnes, les reconnait comme interlocuteurs du d\u00e9partement.<\/em><\/p>\n<p><em>Le Conseil d\u2019Administration de l\u2019UD13 d\u00e9nonce le non-respect par la F\u00e9d\u00e9ration de l\u2019article 3 des statuts f\u00e9d\u00e9raux et de l\u2019article 1 de son r\u00e8glement int\u00e9rieur, l\u2019UD13 \u00e9tant toujours administrativement adh\u00e9rente \u00e0 la F\u00e9d\u00e9ration. Elle d\u00e9nonce la reconnaissance indirecte, par la F\u00e9d\u00e9ration, de ce collectif.<\/em><\/p>\n<p><em>Depuis, apr\u00e8s avoir accus\u00e9 l\u2019UD 13 de non-paiement des cotisations, M.KHALDI s\u2019autorise \u00e0 reverser par virement sur le compte de l\u2019UD13, le montant du premier versement de 600\u20ac des cotisations, effectu\u00e9 en juillet 2020.Le ch\u00e8que du deuxi\u00e8me paiement n\u2019a toujours pas \u00e9t\u00e9 encaiss\u00e9.<\/em><br \/>\n<em>Le Conseil d\u2019administration de l\u2019UD13, au vu de l\u2019ensemble de ces \u00e9l\u00e9ments a pris la d\u00e9cision de faire appel \u00e0 un conseil juridique afin d\u2019engager toute proc\u00e9dure pour faire valoir les droits de l\u2019UD13.<\/em><\/p>\n<p><em>Nous regrettons que notre tentative de rencontre avec la F\u00e9d\u00e9ration n\u2019ait pas encore abouti, malgr\u00e9 le message envoy\u00e9 d\u00e8s le lendemain de l\u2019AGE au responsable de la F\u00e9d\u00e9ration r\u00e9gion Sud-Est. Ce message assurait le National de notre volont\u00e9 d\u2019\u0153uvrer dans la F\u00e9d\u00e9ration et permettait d\u2019envisager dans l\u2019int\u00e9r\u00eat de tous une sortie de crise par la voie d\u00e9mocratique que constitue le renouvellement en janvier 2021 de la totalit\u00e9 des postes d\u2019administrateurs du CA de l\u2019UDDEN13.<\/em><\/p>\n<blockquote><p><strong><em>Ces arguments montrent notre volont\u00e9 d\u2019aboutir rapidement \u00e0 une solution pour sortir de cette d\u00e9licate situation. Nous ferons appel si n\u00e9cessaire devant le plus proche Congr\u00e8s national afin de permettre \u00e0 l\u2019\u00e9quipe sortie des urnes en janvier 2021 de venir s\u2019expliquer. C\u2019est la voie de la sagesse qui en pr\u00e9servant notre unit\u00e9 permettra de r\u00e9ussir le renouvellement quadriennal 2021.<\/em><\/strong><\/p><\/blockquote>\n<p>&nbsp;<\/p>\n<h3><span style=\"color: #ff0000;\"><em>Suite\u2026..<\/em><\/span><\/h3>\n<h4>Le CA UDDEN13<\/h4>\n<p>Mmes et MM. les Conseillers F\u00e9d\u00e9raux,<br \/>\nMmes et MM. DDEN des Unions d\u00e9partementales<\/p>\n<p style=\"text-align: right;\">Date le 21\/03\/2021 Ref : udden13\/CP \u2013 08 \u2013 21\/03\/21<\/p>\n<p>Mme et M. les D\u00e9l\u00e9gu\u00e9s F\u00e9d\u00e9raux,<br \/>\nChers coll\u00e8gues DDEN des Unions d\u00e9partementales<\/p>\n<p>L\u2019Union des Bouches-du-Rh\u00f4ne des DDEN13 a d\u00e9pos\u00e9 un r\u00e9f\u00e9r\u00e9 contre la F\u00e9d\u00e9ration qui a reconnu une nouvelle association de DDEN <strong>alors que l\u2019UDDDEN13 est toujours dans la F\u00e9d\u00e9ration, fid\u00e8le et d\u00e9termin\u00e9e.<\/strong><\/p>\n<p>Mais comment en sommes-nous arriv\u00e9s-l\u00e0 ?<\/p>\n<p><strong>Cela d\u00e9bute en 2019<\/strong>, notre pr\u00e9sident national trouvait notre \u00e9quipe dirigeante vieillissante, en d\u00e9clin et notre nouveau pr\u00e9sident, pas \u00e0 la hauteur. Il avait m\u00eame propos\u00e9 lors de la visite des \u00e9coles de la ville de Marseille sa place \u00e0 quelques administrateurs, <strong>comme si c\u2019\u00e9tait au national de d\u00e9cider qui doit devenir pr\u00e9sident d\u2019une union d\u00e9partementale.<\/strong><\/p>\n<p>Je vous rappelle l\u2019exclusion de la F\u00e9d\u00e9ration de notre Pr\u00e9sident, en juin 2019 pour avoir transmis un compl\u00e9ment d\u2019enqu\u00eate de nos \u00e9coles marseillaises \u00e0 la mairie de Marseille et \u00e0 l\u2019Inspection Acad\u00e9mique. Le CA de l\u2019Union des Bouches-du-Rh\u00f4ne, un peu d\u00e9sorient\u00e9, a mis \u00e0 sa t\u00eate son vicepr\u00e9sident, a continu\u00e9 \u00e0 \u0153uvrer comme en a t\u00e9moign\u00e9 le RA 2019. Aucune explication, aucun accompagnement du national qui s\u2019\u00e9tait mis en t\u00eate, nous l\u2019avons appris bien plus tard, d\u2019organiser une AGE pour le, &#8230; pour nous remplacer. Je suppose que dans vos Unions d\u00e9partementales, <strong>c\u2019est au CA de nommer un pr\u00e9sident lorsqu\u2019il y a vacance, dans la n\u00f4tre aussi<\/strong>.<\/p>\n<p>Tout ne s\u2019est donc pas pass\u00e9 comme le national l\u2019avait pr\u00e9vu, <strong>l\u2019AG de janvier 2020<\/strong> a demand\u00e9 au CA de l\u2019union des BDR, \u00e0 l\u2019unanimit\u00e9 des pr\u00e9sents et repr\u00e9sent\u00e9s, de r\u00e9tablir Patrick Krikorian \u00e0 la pr\u00e9sidence de l\u2019Union. <strong>Ce qui fut fait selon la volont\u00e9 de l\u2019AG souveraine !<\/strong><\/p>\n<p>En r\u00e9plique, le Pr\u00e9sident de la F\u00e9d\u00e9ration a demand\u00e9 \u00e0 l\u2019IA les radiations de la liste des DDEN du Pr\u00e9sident D\u00e9partemental des DDEN et de notre Pr\u00e9sident de l\u2019Union proposant aussi la nomination d\u2019un nouveau repr\u00e9sentant au CDEN. Mais cela ne s\u2019est pas pass\u00e9 comme pr\u00e9vu, nos pr\u00e9sidents sont toujours DDEN et en fonction au CDEN. Le bon sens et l\u2019impartialit\u00e9 de l\u2019administration a pr\u00e9valu.<\/p>\n<p>\u00c0 la fin du confinement, conscients qu\u2019il fallait sortir de cette situation conflictuelle, le CA de l\u2019Union des Bouches-du-Rh\u00f4ne a entrepris la r\u00e9\u00e9criture de ses statuts afin de passer \u00e0 un renouvellement par tiers et porter \u00e0 la t\u00eate de l\u2019union une \u00e9quipe \u00e9largie et rajeunie. L\u2019AGE du 10 octobre 2020 a valid\u00e9 les nouveaux statuts et a vot\u00e9 une motion demandant \u00e0 l\u2019Union de reprendre contact avec la f\u00e9d\u00e9ration afin de sortir de notre diff\u00e9rend. Le 11 octobre 2020 au soir une demande de rendez-vous sign\u00e9e par le CA de l\u2019Union \u00e9tait adress\u00e9e au Pr\u00e9sident national et au D\u00e9l\u00e9gu\u00e9 f\u00e9d\u00e9ral de la r\u00e9gion sud-est. <strong>Nous demandions conform\u00e9ment \u00e0 la motion adopt\u00e9e, une r\u00e9union de sortie de crise.<\/strong><\/p>\n<p>La r\u00e9ponse de la F\u00e9d\u00e9ration s\u2019est faite par un courrier envoy\u00e9 \u00e0 tous les pr\u00e9sidents des d\u00e9l\u00e9gations de notre d\u00e9partement, signalant que nous nous \u00e9tions mis \u00ab en dehors de la f\u00e9d\u00e9ration \u00bb par nos pratiques, M. Khaldi pr\u00e9tendait m\u00eame que nous n\u2019aurions pas vers\u00e9 les cotisations 2020. <strong>Les justificatifs montrant notre bonne foi ont \u00e9t\u00e9 transmis au juge.<\/strong><\/p>\n<p><strong>D\u00e9but janvier 2021,<\/strong> une nouvelle association concurrente de la n\u00f4tre \u00e9tait lanc\u00e9e et reconnue dans la foul\u00e9e par la F\u00e9d\u00e9ration au m\u00e9pris de ses propres statuts, alors que <strong>notre Union n\u2019a jamais \u00e9t\u00e9 re\u00e7ue et qu\u2019elle fait toujours partie de la F\u00e9d\u00e9ration.<\/strong><\/p>\n<p>Gr\u00e2ce \u00e0 nos nouveaux statuts adopt\u00e9s \u00e0 l\u2019AGE du 10 octobre 2020, avec 7 sortants r\u00e9\u00e9lus, <strong>ce sont 11 nouveaux administrateurs qui ont rejoint notre conseil d\u2019administration<\/strong>.<\/p>\n<p>Le CA du 6 f\u00e9vrier 2021 m\u2019a fait l\u2019honneur de me porter \u00e0 la pr\u00e9sidence de l\u2019Union. J\u2019ai \u00e9t\u00e9 \u00e9lu sur trois objectifs :<\/p>\n<ul>\n<li>Faire reconnaitre l\u2019UDDEN13 comme la seule union l\u00e9gitime au sein de la F\u00e9d\u00e9ration des DDEN,<\/li>\n<li>Doter l\u2019UDDEN13 d\u2019un projet ambitieux qui r\u00e9ponde aux besoins et aux attentes de nos adh\u00e9rents,<\/li>\n<li>Enfin, r\u00e9ussir le renouvellement quadriennal qui va conditionner le renouveau de la fonction de DDEN au service de l\u2019\u00c9cole de la R\u00e9publique.<\/li>\n<\/ul>\n<p>Mmes et MM. les conseillers F\u00e9d\u00e9raux, Mmes et MM. les administrateurs des Unions d\u00e9partementales, nous n\u2019aurions jamais d\u00fb en arriver l\u00e0, mais nous y sommes. <strong>Nous sommes confiants dans la justice de notre pays qui va dire le droit.<\/strong><\/p>\n<p>Cette description pourrait, tout bien consid\u00e9r\u00e9, vous para\u00eetre banale, ce qui est loin de l\u2019\u00eatre : de la d\u00e9cision de reprendre en main l\u2019Union d\u2019un d\u00e9partement, dans l\u2019urgence alors qu\u2019elle \u0153uvre depuis plus de 40 ans, d\u2019\u00e9conduire ses dirigeants, et d\u2019implanter une nouvelle association pilot\u00e9e depuis le si\u00e8ge national en quelques semaines&#8230; ne nous inspire que de l\u2019inqui\u00e9tude pour la consid\u00e9ration de notre mission de DDEN et le respect de la vie d\u00e9mocratique de nos associations. <strong>Nous nous sommes indign\u00e9s pour faire valoir notre droit et pour que cela ne se reproduise pas !<\/strong><\/p>\n<p><strong>Nous avons re\u00e7u des demandes d\u2019informations et des soutiens de diff\u00e9rentes Unions D\u00e9partementales qui ont d\u00e9couvert avec stup\u00e9faction ce qui s\u2019est pass\u00e9 dans notre d\u00e9partement. Cela nous a encourag\u00e9s et confort\u00e9s dans la poursuite de notre d\u00e9marche de communication vers vous.<\/strong><\/p>\n<p><strong>J\u2019esp\u00e8re que nous pourrons, au-del\u00e0 des ranc\u0153urs et de beaucoup d\u2019\u00e9nergie perdue, permettre \u00e0 tous les DDEN des Bouches-du-Rh\u00f4ne de poursuivre leur mission dans l\u2019unit\u00e9 retrouv\u00e9e.<\/strong><\/p>\n<p><strong>Pour le CA de l\u2019UDDEN13 , Le Pr\u00e9sident<\/strong><br \/>\n<strong>C.PIRANI<\/strong><\/p>\n<p><strong>UDDEN 13<\/strong><br \/>\nEcole Maternelle Bastide St Jean\u00a0 11 Rue de la Boiseraie \u2013 13012 Marseille<br \/>\nContact : udden13@free.fr<\/p>\n","protected":false},"excerpt":{"rendered":"<p>Mesdames et messieurs les pr\u00e9sidents des Unions des DDEN Mesdames et messieurs les Conseillers f\u00e9d\u00e9raux, Chers Coll\u00e8gues, Le CA de l\u2019Union des DDEN des Bouches-du-Rh\u00f4ne a d\u00e9cid\u00e9 de vous informer des faits suivants concernant le diff\u00e9rend((Le diff\u00e9rend porte sur les motifs de la radiation du Pr\u00e9sident de l\u2019Union (11\/19) par rapport \u00e0 la r\u00e9alit\u00e9 des &hellip; <a href=\"https:\/\/ledeleguelaique.fr\/?p=433\" class=\"more-link\">Continuer la lecture<span class=\"screen-reader-text\"> de &laquo;&nbsp;Normalisation et \u00e9puration dans les Bouches-du-Rh\u00f4ne&nbsp;&raquo;<\/span><\/a><\/p>\n","protected":false},"author":1,"featured_media":437,"comment_status":"closed","ping_status":"closed","sticky":false,"template":"","format":"standard","meta":{"footnotes":""},"categories":[4,14],"tags":[],"_links":{"self":[{"href":"https:\/\/ledeleguelaique.fr\/index.php?rest_route=\/wp\/v2\/posts\/433"}],"collection":[{"href":"https:\/\/ledeleguelaique.fr\/index.php?rest_route=\/wp\/v2\/posts"}],"about":[{"href":"https:\/\/ledeleguelaique.fr\/index.php?rest_route=\/wp\/v2\/types\/post"}],"author":[{"embeddable":true,"href":"https:\/\/ledeleguelaique.fr\/index.php?rest_route=\/wp\/v2\/users\/1"}],"replies":[{"embeddable":true,"href":"https:\/\/ledeleguelaique.fr\/index.php?rest_route=%2Fwp%2Fv2%2Fcomments&post=433"}],"version-history":[{"count":4,"href":"https:\/\/ledeleguelaique.fr\/index.php?rest_route=\/wp\/v2\/posts\/433\/revisions"}],"predecessor-version":[{"id":438,"href":"https:\/\/ledeleguelaique.fr\/index.php?rest_route=\/wp\/v2\/posts\/433\/revisions\/438"}],"wp:featuredmedia":[{"embeddable":true,"href":"https:\/\/ledeleguelaique.fr\/index.php?rest_route=\/wp\/v2\/media\/437"}],"wp:attachment":[{"href":"https:\/\/ledeleguelaique.fr\/index.php?rest_route=%2Fwp%2Fv2%2Fmedia&parent=433"}],"wp:term":[{"taxonomy":"category","embeddable":true,"href":"https:\/\/ledeleguelaique.fr\/index.php?rest_route=%2Fwp%2Fv2%2Fcategories&post=433"},{"taxonomy":"post_tag","embeddable":true,"href":"https:\/\/ledeleguelaique.fr\/index.php?rest_route=%2Fwp%2Fv2%2Ftags&post=433"}],"curies":[{"name":"wp","href":"https:\/\/api.w.org\/{rel}","templated":true}]}}