{"id":422,"date":"2021-04-07T13:40:42","date_gmt":"2021-04-07T11:40:42","guid":{"rendered":"https:\/\/ledeleguelaique.fr\/?p=422"},"modified":"2021-04-07T13:40:42","modified_gmt":"2021-04-07T11:40:42","slug":"lettre-de-demission-dun-dden","status":"publish","type":"post","link":"https:\/\/ledeleguelaique.fr\/?p=422","title":{"rendered":"Lettre de d\u00e9mission d\u2019un DDEN"},"content":{"rendered":"<p>Cher(e)s coll\u00e8gues, membres du CA,<\/p>\n<p>Je ne souhaite pas renouveler mon mandat de DDEN pour 2021-2025.<\/p>\n<p>En effet, je suis depuis le 6 octobre dans l\u2019incapacit\u00e9 de faire quoi que ce soit en dehors de mon domicile, suite \u00e0 des complications post-op\u00e9ratoires.<\/p>\n<p>Enfin, je ne vais pas d\u00e9velopper dans ce courrier, mais l\u2019orientation nationale des dirigeants actuels de la F\u00e9d\u00e9ration Nationale me convient de moins en moins. Comme DDEN, je me suis toujours consid\u00e9r\u00e9 comme ami, mais surtout d\u00e9fenseur de l\u2019\u00c9cole publique la\u00efque, pas comme un auxiliaire \u2013 voire suppl\u00e9tif \u2013 du gouvernement qui, lui, est un v\u00e9ritable fossoyeur de l\u2019\u00c9cole publique la\u00efque.<\/p>\n<p>Le poids des DDEN est limit\u00e9, mais si nous n\u2019avons aucune activit\u00e9 ind\u00e9pendante, publique, concr\u00e8te, alors nous ne servons pas \u00e0 grand-chose.<\/p>\n<p>J\u2019ai toujours \u00e9t\u00e9 oppos\u00e9 \u00e0 la gestion tripartite de l\u2019Ecole, qui a conduit \u00e0 la territorialisation de l\u2019Ecole, donc \u00e0 son \u00e9clatement en de multiples entit\u00e9s qui, dans ces conditions, ne peuvent qu\u2019\u00eatre soumises aux groupes de pression les plus divers.<\/p>\n<p>Je ne suis pas partisan de la pr\u00e9tendue \u00ab\u00a0<em>r\u00e9serve citoyenne<\/em>\u00ab\u00a0, ni du \u00ab\u00a0<em>concours citoyen<\/em>\u00ab\u00a0, ni du <strong>SNU<\/strong> dont le but est l\u2019endoctrinement des jeunes.<\/p>\n<p>Je ne savais pas que l\u2019apprentissage (ou plut\u00f4t le dressage) de la marche au pas faisait partie des valeurs de la R\u00e9publique, dont parle le gouvernement qui, en v\u00e9rit\u00e9, est l\u2019antith\u00e8se de la R\u00e9publique.<\/p>\n<p>Quand je vois que le <strong>DASEN<\/strong> co-organise avec l\u2019arm\u00e9e, la gendarmerie, la premi\u00e8re promotion de jeunes pour le <strong>SNU<\/strong>, je ne peux qu\u2019\u00eatre r\u00e9volt\u00e9. C\u2019est la m\u00eame chose quand le gouvernement veut imposer aux enseignants une lecture du discours de Jean Jaur\u00e8s tronqu\u00e9e, censur\u00e9e\u2026 N\u2019y a-t-il pas l\u00e0 des scandales \u00e0 d\u00e9noncer\u00a0?<\/p>\n<p>Ma situation personnelle me contraint \u00e0 r\u00e9duire mon activit\u00e9 militante. C\u2019est pourquoi je choisis de me consacrer \u00e0 une activit\u00e9 militante concr\u00e8te, comme la\u00efque libre-penseur pour d\u00e9fendre la loi de 1905, agir pour l\u2019abrogation de la loi Debr\u00e9 et du concordat d\u2019Alsace-Moselle en autres.<\/p>\n<p>Cette d\u00e9cision n\u2019est pas due \u00e0 l\u2019activit\u00e9 des camarades et coll\u00e8gues du CA de l\u2019UDDEN qui se d\u00e9vouent et agissent autant que faire se peut. Ils gardent toute mon estime.<\/p>\n<p>Salutations la\u00efques militantes,<\/p>\n<p><strong>Alain Jouannet<\/strong><\/p>\n<p style=\"text-align: right;\">A Jou\u00e9-l\u00e8s-Tours, le 23\/11\/2020<\/p>\n","protected":false},"excerpt":{"rendered":"<p>Cher(e)s coll\u00e8gues, membres du CA, Je ne souhaite pas renouveler mon mandat de DDEN pour 2021-2025. En effet, je suis depuis le 6 octobre dans l\u2019incapacit\u00e9 de faire quoi que ce soit en dehors de mon domicile, suite \u00e0 des complications post-op\u00e9ratoires. Enfin, je ne vais pas d\u00e9velopper dans ce courrier, mais l\u2019orientation nationale des &hellip; <a href=\"https:\/\/ledeleguelaique.fr\/?p=422\" class=\"more-link\">Continuer la lecture<span class=\"screen-reader-text\"> de &laquo;&nbsp;Lettre de d\u00e9mission d\u2019un DDEN&nbsp;&raquo;<\/span><\/a><\/p>\n","protected":false},"author":1,"featured_media":424,"comment_status":"closed","ping_status":"closed","sticky":false,"template":"","format":"standard","meta":{"footnotes":""},"categories":[14,6],"tags":[],"_links":{"self":[{"href":"https:\/\/ledeleguelaique.fr\/index.php?rest_route=\/wp\/v2\/posts\/422"}],"collection":[{"href":"https:\/\/ledeleguelaique.fr\/index.php?rest_route=\/wp\/v2\/posts"}],"about":[{"href":"https:\/\/ledeleguelaique.fr\/index.php?rest_route=\/wp\/v2\/types\/post"}],"author":[{"embeddable":true,"href":"https:\/\/ledeleguelaique.fr\/index.php?rest_route=\/wp\/v2\/users\/1"}],"replies":[{"embeddable":true,"href":"https:\/\/ledeleguelaique.fr\/index.php?rest_route=%2Fwp%2Fv2%2Fcomments&post=422"}],"version-history":[{"count":2,"href":"https:\/\/ledeleguelaique.fr\/index.php?rest_route=\/wp\/v2\/posts\/422\/revisions"}],"predecessor-version":[{"id":425,"href":"https:\/\/ledeleguelaique.fr\/index.php?rest_route=\/wp\/v2\/posts\/422\/revisions\/425"}],"wp:featuredmedia":[{"embeddable":true,"href":"https:\/\/ledeleguelaique.fr\/index.php?rest_route=\/wp\/v2\/media\/424"}],"wp:attachment":[{"href":"https:\/\/ledeleguelaique.fr\/index.php?rest_route=%2Fwp%2Fv2%2Fmedia&parent=422"}],"wp:term":[{"taxonomy":"category","embeddable":true,"href":"https:\/\/ledeleguelaique.fr\/index.php?rest_route=%2Fwp%2Fv2%2Fcategories&post=422"},{"taxonomy":"post_tag","embeddable":true,"href":"https:\/\/ledeleguelaique.fr\/index.php?rest_route=%2Fwp%2Fv2%2Ftags&post=422"}],"curies":[{"name":"wp","href":"https:\/\/api.w.org\/{rel}","templated":true}]}}