{"id":382,"date":"2020-02-20T10:29:01","date_gmt":"2020-02-20T09:29:01","guid":{"rendered":"https:\/\/ledeleguelaique.fr\/?p=382"},"modified":"2020-02-20T10:29:01","modified_gmt":"2020-02-20T09:29:01","slug":"breve-rencontre-des-dden-04-avec-le-president-khaldi-au-siege-de-la-federation-nationale","status":"publish","type":"post","link":"https:\/\/ledeleguelaique.fr\/?p=382","title":{"rendered":"Br\u00e8ve rencontre des DDEN 04 avec le Pr\u00e9sident Khaldi au si\u00e8ge de la F\u00e9d\u00e9ration nationale"},"content":{"rendered":"<figure id=\"attachment_338\" aria-describedby=\"caption-attachment-338\" style=\"width: 165px\" class=\"wp-caption alignleft\"><img loading=\"lazy\" decoding=\"async\" class=\"wp-image-338\" src=\"https:\/\/ledeleguelaique.fr\/wp-content\/uploads\/2019\/10\/IMG_5601-225x300-225x300.jpg\" alt=\"\" width=\"165\" height=\"220\" \/><figcaption id=\"caption-attachment-338\" class=\"wp-caption-text\">le pr\u00e9sident Khaldi<\/figcaption><\/figure>\n<p align=\"JUSTIFY\"><span style=\"font-family: Bookman Old Style, serif;\">Par lettre dat\u00e9e du 6 septembre 2019 le pr\u00e9sident Khaldi m&rsquo;invitait \u00e0 le rencontrer au si\u00e8ge de la F\u00e9d\u00e9ration \u00ab\u00a0<i>pour \u00e9voquer le fonctionnement de l&rsquo;Union des Alpes de Haute-Provence (04), son d\u00e9veloppement et les relations avec la F\u00e9d\u00e9ration<\/i>\u00a0\u00bb.<\/span><!--more--><\/p>\n<p align=\"JUSTIFY\"><span style=\"font-family: Bookman Old Style, serif;\">Le 19 septembre, par lettre recommand\u00e9e, il me pr\u00e9cisait que le Bureau, mandat\u00e9 par le Conseil f\u00e9d\u00e9ral, voulait me recevoir pour \u00ab\u00a0<i>demander quelques explications<\/i>\u00a0\u00bb et proposait la date du 2 octobre. Comme le 2 octobre, il \u00e9tait pr\u00e9vu une r\u00e9union du CA de notre UD 04, j&rsquo;ai d\u00e9clin\u00e9 l&rsquo;invitation et pour satisfaire la demande du Pr\u00e9sident \u00ab\u00a0<i>je te demande express\u00e9ment de m&rsquo;indiquer quelques dates d&rsquo;ici fin octobre\u00a0<\/i>\u00bb lui r\u00e9pondait que je serai, \u00e0 13h30, au si\u00e8ge de la F\u00e9d\u00e9ration, le 23 octobre, accompagn\u00e9 du tr\u00e9sorier de l&rsquo;UD 04 (horaires et tarifs SNCF obligent). Il faut savoir que pour \u00eatre \u00e0 13h30 au si\u00e8ge, venant des Alpes de Haute-Provence il nous faut partir \u00e0 6h30 pour rentrer \u00e0 22h30<\/span><\/p>\n<p align=\"JUSTIFY\"><span style=\"font-family: Bookman Old Style, serif;\">Ce mercredi 23, d\u00fbment mandat\u00e9s par le CA 04, r\u00e9uni le 2 octobre, nous voici donc au si\u00e8ge de la F\u00e9d\u00e9ration, \u00e0 la surprise de la Secr\u00e9taire qui n&rsquo;avait pas \u00e9t\u00e9 inform\u00e9e de notre venue. Quelques minutes apr\u00e8s arrivent le Pr\u00e9sident, le vice-Pr\u00e9sident et la tr\u00e9sori\u00e8re nationale.<\/span><\/p>\n<p align=\"JUSTIFY\"><span style=\"font-family: Bookman Old Style, serif;\"><b>E. Khaldi<\/b>\u00a0: Vous \u00eates l\u00e0\u00a0! Mais je ne peux pas vous recevoir j&rsquo;ai un rendez-vous \u00e0 15h. D&rsquo;ailleurs aucun membre du Bureau f\u00e9d\u00e9ral ne sera l\u00e0 et je veux que tout le BF soit l\u00e0 pour l&rsquo;entretien.<\/span><\/p>\n<p align=\"JUSTIFY\"><span style=\"font-family: Bookman Old Style, serif;\"><b>Dominique Guffroy<\/b>\u00a0: je t&rsquo;ai pourtant inform\u00e9 par mail que je viendrais le 23 octobre, accompagn\u00e9 du tr\u00e9sorier. Je t&rsquo;ai m\u00eame demand\u00e9 quelques pr\u00e9cisions sur les \u00ab<i>explications<\/i>\u00a0\u00bb que tu voulais. Je n&rsquo;ai eu re\u00e7u aucune r\u00e9ponse de ta part\u00bb<\/span><\/p>\n<p align=\"JUSTIFY\"><span style=\"font-family: Bookman Old Style, serif;\"><b>E.K.<\/b> Tu aurais pu v\u00e9rifier en me recontactant et d&rsquo;ailleurs je t&rsquo;ai envoy\u00e9 un mail pour te pr\u00e9venir que le 23 ce n&rsquo;\u00e9tait pas possible.\u00a0<\/span><\/p>\n<p align=\"JUSTIFY\"><span style=\"font-family: Bookman Old Style, serif;\"><b>D.G.<\/b>\u00a0: Je n&rsquo;ai re\u00e7u aucun mail. Peux-tu me le renvoyer\u00a0?<\/span><\/p>\n<p align=\"JUSTIFY\"><span style=\"font-family: Bookman Old Style, serif;\"><b>E.K.\u00a0:<\/b> D&rsquo;accord je ferai \u00e7a de chez moi.\u00a0 (A ce jour, 4 novembre je n&rsquo;ai toujours rien re\u00e7u)<\/span><\/p>\n<p align=\"JUSTIFY\"><span style=\"font-family: Bookman Old Style, serif;\"><b>D.G.\u00a0:<\/b> Puisque nous sommes ici, que veux-tu savoir pr\u00e9cis\u00e9ment\u00a0?<\/span><\/p>\n<p align=\"JUSTIFY\"><span style=\"font-family: Bookman Old Style, serif;\"><b>E.K.:<\/b> Comment fonctionne ton UD, recrutez-vous de nouveaux DDEN, quelles activit\u00e9s avez-vous&#8230;\u00a0<\/span><\/p>\n<p align=\"JUSTIFY\"><span style=\"font-family: Bookman Old Style, serif;\"><b>D.G.\u00a0:<\/b> Si ce sont l\u00e0 les pr\u00e9cisions voulues, un simple courrier aurait suffi et d&rsquo;ailleurs nous avons r\u00e9pondu, un peu tard je le reconnais, \u00e0 l&rsquo;enqu\u00eate de septembre 2018. Il semble d&rsquo;ailleurs que c&rsquo;est le cas de tr\u00e8s nombreuses UD puisque qu&rsquo;un rappel g\u00e9n\u00e9ral concernant cette enqu\u00eate a \u00e9t\u00e9 envoy\u00e9 \u00e0 tout le monde \u00e0 cette rentr\u00e9e. J&rsquo;ai amen\u00e9 les r\u00e9ponses \u00e0 cette enqu\u00eate, je te les confie..<\/span><\/p>\n<p align=\"JUSTIFY\"><span style=\"font-family: Bookman Old Style, serif;\">Ceci \u00e9tant dit je confirme que notre UD fonctionne, que les 35 DDEN si\u00e8gent tous dans 75 conseils d&rsquo;\u00e9coles, qu&rsquo;en g\u00e9n\u00e9ral tout s&rsquo;y passe bien, que nous avons de bonnes relations avec les Elus, les enseignants, les parents d&rsquo;\u00e9l\u00e8ves. Le 04 est un petit d\u00e9partement de 160 000 habitants tr\u00e8s rural et montagnard pour toute l&rsquo;Est du d\u00e9partement qui ne compte que 190 \u00e9coles pour environ 200 communes. <\/span><\/p>\n<p align=\"JUSTIFY\"><span style=\"font-family: Bookman Old Style, serif;\">Nous avons recrut\u00e9 quelques nouveaux DDEN\u00a0: un journaliste, un directeur d&rsquo;\u00e9cole \u00e0 la retraite, un IEN \u00e0 la retraite mais c&rsquo;est vrai, comme partout, nous avons des difficult\u00e9s. Quand nous discutons avec de nouveaux retrait\u00e9s qui ont 57 ans voire plus (cons\u00e9quence du report de la date de d\u00e9part en retraite), ces coll\u00e8gues nous r\u00e9pondent souvent, qu&rsquo;ils sont fatigu\u00e9s et que l&rsquo;Education nationale, ils ne veulent plus en entendre parler&#8230;. derni\u00e8rement, un jeune retrait\u00e9 me faisait remarquer qu&rsquo;il ne voyait pas pourquoi il deviendrait DDEN alors qu&rsquo;il avait d\u00fb combattre, dans son \u00e9cole, contre la mise en place de la r\u00e9forme Peillon-Hamon des rythmes scolaires, contrer\u00e9forme soutenue par la FN-DDEN&#8230; (Point de r\u00e9ponse ni de commentaire de la part de E.K&#8230;.)<\/span><\/p>\n<p align=\"JUSTIFY\"><span style=\"font-family: Bookman Old Style, serif;\">Nous avions de bonnes relations avec le Dasen, mais il vient d&rsquo;\u00eatre remplac\u00e9, je ne connais pas le nouveau. Chaque ann\u00e9e \u00e0 notre AG, nous invitons r\u00e9guli\u00e8rement le Dasen, Pr\u00e9sident du conseil d\u00e9partemental, conseillers d\u00e9partementaux du canton o\u00f9 nous nous r\u00e9unissons. Seul le Dasen a particip\u00e9 \u00e0 2 AG depuis que je suis Pr\u00e9sident c&rsquo;est \u00e0 dire depuis la rentr\u00e9e 2014.<\/span><\/p>\n<p align=\"JUSTIFY\"><span style=\"font-family: Bookman Old Style, serif;\">Je participe au CDEN et n&rsquo;y interviens que d\u00fbment mandat\u00e9 par l&rsquo;UD. Je ne fais d&rsquo;ailleurs rien sans \u00eatre mandat\u00e9 et je rends toujours compte de mon mandat par \u00e9crit \u00e0 chaque DDEN du d\u00e9partement. <\/span><\/p>\n<p align=\"JUSTIFY\"><span style=\"font-family: Bookman Old Style, serif;\">Il y a quelques ann\u00e9es j&rsquo;ai \u00e9t\u00e9 membre du jury \u00ab\u00a0<i>\u00e9coles fleuries<\/i>\u00bb dans le 04, mais il est vrai que les \u00e9coles n&rsquo;y participent plus, pas plus qu&rsquo;au concours \u00ab<i>citoyen<\/i>\u00bb Toutefois, cette ann\u00e9e, une \u00e9cole s&rsquo;est inscrite au concours \u00ab<i>\u00e9coles fleuries<\/i>\u00bb <\/span><\/p>\n<p align=\"JUSTIFY\"><span style=\"font-family: Bookman Old Style, serif;\">Toutes ces pr\u00e9cisions te conviennent elles\u00a0?<\/span><\/p>\n<p align=\"JUSTIFY\"><span style=\"font-family: Bookman Old Style, serif;\"><b>E.K.\u00a0:<\/b> Faites-vous des visites d&rsquo;\u00e9coles\u00a0?<\/span><\/p>\n<p align=\"JUSTIFY\"><span style=\"font-family: Bookman Old Style, serif;\"><b>D.G.\u00a0<\/b>: Oui et, pour ce que nous en savons, cela se passe bien. Dans notre d\u00e9partement les maires font tout ce qu&rsquo;ils peuvent pour leurs \u00e9coles, avec les faibles (parfois tr\u00e8s faibles) moyens qui sont les leurs.<\/span><\/p>\n<p align=\"JUSTIFY\"><span style=\"font-family: Bookman Old Style, serif;\"><b>E.D\u00a0: <\/b>Visitez-vous les \u00e9coles priv\u00e9es. <\/span><\/p>\n<p align=\"JUSTIFY\"><span style=\"font-family: Bookman Old Style, serif;\"><b>D.G\u00a0:<\/b> Il y en a 5 dans le d\u00e9partement. Nous n&rsquo;y mettons pas les pieds. Nous estimons que ce n&rsquo;est pas le r\u00f4le des DDEN de les \u00ab\u00a0<i>reconna\u00eetre<\/i>\u00a0\u00bb en les visitant.<\/span><\/p>\n<p align=\"JUSTIFY\"><span style=\"font-family: Bookman Old Style, serif;\"><b>E.K.<\/b>\u00a0: J&rsquo;aimerais savoir ce que vous reprochez \u00e0 la F\u00e9d\u00e9ration\u00a0?\u00a0<\/span><\/p>\n<p align=\"JUSTIFY\"><span style=\"font-family: Bookman Old Style, serif;\"><b>D.G.\u00a0:<\/b> A la F\u00e9d\u00e9ration rien\u00a0! Quand je suis d&rsquo;accord je vote pour, quand je ne le suis pas, je vote contre. C&rsquo;est d&rsquo;ailleurs ce que j&rsquo;ai fait au dernier congr\u00e8s. J&rsquo;ai vot\u00e9 contre l&rsquo;amendement sur les accompagnants scolaires, et je me suis abstenu sur la r\u00e9solution g\u00e9n\u00e9rale, parce que je n&rsquo;accepte pas qu&rsquo;une r\u00e9solution propos\u00e9e par une commission du congr\u00e8s ne puisse pas \u00eatre discut\u00e9e par l&rsquo;ensemble du Congr\u00e8s avant sa mise au vote. Ce n&rsquo;est pas cela la d\u00e9mocratie.<\/span><\/p>\n<p align=\"JUSTIFY\"><span style=\"font-family: Bookman Old Style, serif;\"><b>E.K.\u00a0:<\/b> C&rsquo;est pourtant ainsi que nous avons toujours fonctionner.<\/span><\/p>\n<p align=\"JUSTIFY\"><span style=\"font-family: Bookman Old Style, serif;\"><b>D.G.\u00a0:<\/b> Oui, ce que je d\u00e9nonce d&rsquo;ailleurs \u00e0 chaque congr\u00e8s auquel je participe depuis 2015<\/span><\/p>\n<p align=\"JUSTIFY\"><span style=\"font-family: Bookman Old Style, serif;\"><b>E.K.\u00a0:<\/b> Tu dis que tu ne reproche rien \u00e0 la F\u00e9d\u00e9ration pourtant tu \u00e9cris beaucoup.<\/span><\/p>\n<p align=\"JUSTIFY\"><span style=\"font-family: Bookman Old Style, serif;\"><b>D.G\u00a0:<\/b> C&rsquo;est \u00e0 dire\u00a0? Oui, j&rsquo;\u00e9cris mes comptes rendus de mandats et\u00a0?&#8230;\u00a0<\/span><\/p>\n<p align=\"JUSTIFY\"><span style=\"font-family: Bookman Old Style, serif;\"><b>E.K.\u00a0:<\/b> Je te lis dans une publication qui circule sur le net&#8230;\u00a0<\/span><\/p>\n<p align=\"JUSTIFY\"><span style=\"font-family: Bookman Old Style, serif;\"><b>D.G\u00a0:<\/b> Je pense que je vois ce dont tu parles, mais si je la lis aussi, je n&rsquo;y \u00e9cris pas personnellement. Maintenant mes \u00e9crits \u00e9tant publics chez les DDEN, si un l&rsquo;adresse pour publication je ne lui en fais pas grief. S&rsquo;il estime que c&rsquo;est utile au d\u00e9bat, libre \u00e0 lui.<\/span><\/p>\n<p align=\"JUSTIFY\"><span style=\"font-family: Bookman Old Style, serif;\"><b>E.K.\u00a0:<\/b> Comment mettez-vous en \u0153uvre les d\u00e9cisions du Bureau f\u00e9d\u00e9ral\u00a0?\u00a0<\/span><\/p>\n<p align=\"JUSTIFY\"><span style=\"font-family: Bookman Old Style, serif;\"><b>D.G.\u00a0:<\/b> Nous sommes une F\u00e9d\u00e9ration. Nous travaillons dans le cadre du f\u00e9d\u00e9ralisme. Alors si la d\u00e9cision nous convient nous la mettons en \u0153uvre, si elle ne nous convient pas on ne la met pas en \u0153uvre.<\/span><\/p>\n<p align=\"JUSTIFY\"><span style=\"font-family: Bookman Old Style, serif;\"><b>E.K.\u00a0:<\/b> Quand m\u00eame, quand le BF d\u00e9cide la moindre des choses c&rsquo;est d&rsquo;appliquer.\u00a0<\/span><\/p>\n<p align=\"JUSTIFY\"><span style=\"font-family: Bookman Old Style, serif;\"><b>D.G\u00a0:<\/b> Je suis en d\u00e9saccord\u00a0; ce que tu expliques, c&rsquo;est le centralisme d\u00e9mocratique, qui impose que quand une d\u00e9cision est prise par une majorit\u00e9, tout le monde l&rsquo;applique. Ce n&rsquo;est pas cela le f\u00e9d\u00e9ralisme.<\/span><\/p>\n<p align=\"JUSTIFY\"><span style=\"font-family: Bookman Old Style, serif;\"><b>E.K.\u00a0:<\/b> Je vais devoir partir. Tu recevras une nouvelle convocation pour venir rencontrer le BF, parce que je veux que tu rencontres le BF dans son entier.<\/span><\/p>\n<p align=\"JUSTIFY\"><span style=\"font-family: Bookman Old Style, serif;\"><b>D.G.\u00a0:<\/b> C&rsquo;est tr\u00e8s ennuyeux, nous aurons fait un d\u00e9placement de 16h (aller et retour) pour n&rsquo;\u00eatre re\u00e7u que \u00be d&rsquo;heures. Et de plus cela co\u00fbte cher \u00e0 la F\u00e9d\u00e9ration, plus de 250\u20ac&#8230;.\u00a0<\/span><\/p>\n<p align=\"RIGHT\"><span style=\"font-family: Bookman Old Style, serif;\"><u>Oraison (04) lundi novembre 2019<\/u><\/span><\/p>\n<p style=\"text-align: left;\" align=\"CENTER\"><span style=\"font-family: Bookman Old Style, serif;\"><span style=\"font-size: large;\"><b>Dominique Guffroy, Pr\u00e9sident des DDEN des Alpes de Haute-Provence<\/b><\/span><\/span><\/p>\n<p align=\"JUSTIFY\"><span style=\"font-family: Bookman Old Style, serif;\"><u>PS\u00a0<\/u>: \u00e0 ce jour, jeudi 18 f\u00e9vrier 2020, je n&rsquo;ai toujours re\u00e7u ni le mail m&rsquo;indiquant que le 23, on ne pourrait \u00eatre re\u00e7u, ni une nouvelle convocation devant le bureau f\u00e9d\u00e9ral.<\/span><\/p>\n","protected":false},"excerpt":{"rendered":"<p>Par lettre dat\u00e9e du 6 septembre 2019 le pr\u00e9sident Khaldi m&rsquo;invitait \u00e0 le rencontrer au si\u00e8ge de la F\u00e9d\u00e9ration \u00ab\u00a0pour \u00e9voquer le fonctionnement de l&rsquo;Union des Alpes de Haute-Provence (04), son d\u00e9veloppement et les relations avec la F\u00e9d\u00e9ration\u00a0\u00bb.<\/p>\n","protected":false},"author":1,"featured_media":0,"comment_status":"closed","ping_status":"closed","sticky":false,"template":"","format":"standard","meta":{"footnotes":""},"categories":[13],"tags":[],"_links":{"self":[{"href":"https:\/\/ledeleguelaique.fr\/index.php?rest_route=\/wp\/v2\/posts\/382"}],"collection":[{"href":"https:\/\/ledeleguelaique.fr\/index.php?rest_route=\/wp\/v2\/posts"}],"about":[{"href":"https:\/\/ledeleguelaique.fr\/index.php?rest_route=\/wp\/v2\/types\/post"}],"author":[{"embeddable":true,"href":"https:\/\/ledeleguelaique.fr\/index.php?rest_route=\/wp\/v2\/users\/1"}],"replies":[{"embeddable":true,"href":"https:\/\/ledeleguelaique.fr\/index.php?rest_route=%2Fwp%2Fv2%2Fcomments&post=382"}],"version-history":[{"count":2,"href":"https:\/\/ledeleguelaique.fr\/index.php?rest_route=\/wp\/v2\/posts\/382\/revisions"}],"predecessor-version":[{"id":384,"href":"https:\/\/ledeleguelaique.fr\/index.php?rest_route=\/wp\/v2\/posts\/382\/revisions\/384"}],"wp:attachment":[{"href":"https:\/\/ledeleguelaique.fr\/index.php?rest_route=%2Fwp%2Fv2%2Fmedia&parent=382"}],"wp:term":[{"taxonomy":"category","embeddable":true,"href":"https:\/\/ledeleguelaique.fr\/index.php?rest_route=%2Fwp%2Fv2%2Fcategories&post=382"},{"taxonomy":"post_tag","embeddable":true,"href":"https:\/\/ledeleguelaique.fr\/index.php?rest_route=%2Fwp%2Fv2%2Ftags&post=382"}],"curies":[{"name":"wp","href":"https:\/\/api.w.org\/{rel}","templated":true}]}}