{"id":372,"date":"2020-02-20T11:12:50","date_gmt":"2020-02-20T10:12:50","guid":{"rendered":"https:\/\/ledeleguelaique.fr\/?p=372"},"modified":"2020-02-20T11:12:58","modified_gmt":"2020-02-20T10:12:58","slug":"372","status":"publish","type":"post","link":"https:\/\/ledeleguelaique.fr\/?p=372","title":{"rendered":"La F\u00e9d\u00e9ration Nationale des DDEN \u00e0 la crois\u00e9e des chemins (suite)"},"content":{"rendered":"<blockquote>\n<h1 align=\"CENTER\">\u201c<span style=\"font-family: Bookman Old Style, serif;\"><span style=\"font-size: x-large;\"><i><b>Mesdames et messieurs les DDEN: changer vos missions sous peine de radiation!\u201d<\/b><\/i><\/span><\/span><\/h1>\n<\/blockquote>\n<p><img loading=\"lazy\" decoding=\"async\" class=\"alignleft wp-image-341\" src=\"https:\/\/ledeleguelaique.fr\/wp-content\/uploads\/2019\/10\/Ecole_-_Salle_de_Classe_2-300x225.jpg\" alt=\"\" width=\"228\" height=\"171\" srcset=\"https:\/\/ledeleguelaique.fr\/wp-content\/uploads\/2019\/10\/Ecole_-_Salle_de_Classe_2-300x225.jpg 300w, https:\/\/ledeleguelaique.fr\/wp-content\/uploads\/2019\/10\/Ecole_-_Salle_de_Classe_2-768x576.jpg 768w, https:\/\/ledeleguelaique.fr\/wp-content\/uploads\/2019\/10\/Ecole_-_Salle_de_Classe_2.jpg 800w\" sizes=\"(max-width: 228px) 85vw, 228px\" \/><\/p>\n<p align=\"JUSTIFY\"><span style=\"font-family: Bookman Old Style, serif;\"><span style=\"font-size: medium;\">Dans un article paru dans le <i>D\u00e9l\u00e9gu\u00e9 La\u00efque N\u00b03,<\/i> nous avions pu lire les risques s\u00e9rieux de remise en cause des missions des DDEN telles qu\u2019elles sont d\u00e9finies dans plusieurs articles du Code l\u2019Education. <sup>(1)<\/sup><\/span><\/span><!--more--><\/p>\n<p align=\"JUSTIFY\"><span style=\"font-family: Bookman Old Style, serif;\"><span style=\"font-size: medium;\">Les DDEN ne sont pas seulement invit\u00e9s \u00e0 donner leur avis sur des questions comme les constructions scolaires, la scolarisation des enfants de la commune, le respect de la la\u00efcit\u00e9 de l\u2019\u00e9cole et de l\u2019Etat, la restauration, les activit\u00e9s p\u00e9riscolaires&#8230; <\/span><\/span><\/p>\n<p align=\"JUSTIFY\"><span style=\"font-family: Bookman Old Style, serif;\"><span style=\"font-size: medium;\">Ils ont aussi le DEVOIR de faire tous les signalements aupr\u00e8s des autorit\u00e9s municipales et de l\u2019Education Nationale (IEN, DASEN, voire Recteur) pour que soient respect\u00e9es les conditions de la vie scolaire exigibles dans toute \u00e9cole de la R\u00e9publique.<\/span><\/span><\/p>\n<p align=\"JUSTIFY\"><span style=\"font-family: Bookman Old Style, serif;\"><span style=\"font-size: medium;\">Les DDEN n\u2019ont besoin ni de l\u2019autorisation du Maire, ni de celle de l\u2019IEN pour accomplir cette mission. Leur ind\u00e9pendance \u00e0 leur \u00e9gard est au-dessus des \u00e9ventuelles sympathies ou antipathies qui rel\u00e8vent du champ politique personnel de chacun en tant que citoyen. <\/span><\/span><\/p>\n<p align=\"JUSTIFY\"><span style=\"font-family: Bookman Old Style, serif;\"><span style=\"font-size: medium;\"><b>C\u2019est d\u2019ailleurs pour cette raison qu\u2019un DDEN ne peut pas exercer ses fonctions dans sa commune, s\u2019il est \u00e9lu au Conseil Municipal (art. D 241 29 du Code de l\u2019Education). <\/b><sup><b>(2)<\/b><\/sup><b> <\/b><\/span><\/span><\/p>\n<p align=\"JUSTIFY\"><span style=\"font-family: Bookman Old Style, serif;\"><span style=\"font-size: medium;\">Cette question de l\u2019ind\u00e9pendance des DDEN est \u00e9videmment essentielle. S\u2019il n\u2019avait ni le droit, ni la possibilit\u00e9 d\u2019intervenir pour que les autorit\u00e9s donnent suite aux signalements qu\u2019il a op\u00e9r\u00e9s (lui et\/ou le Conseil d\u2019Ecole), alors la fonction de DDEN s\u2019arr\u00eaterait l\u00e0 o\u00f9 commence le respect des conditions n\u00e9cessaires d\u2019une vie scolaire acceptable. <\/span><\/span><\/p>\n<p align=\"JUSTIFY\"><span style=\"font-family: Bookman Old Style, serif;\"><span style=\"font-size: medium;\">En clair, le DDEN ne servirait plus \u00e0 grand-chose pour et dans l\u2019Ecole de la R\u00e9publique. <\/span><\/span><\/p>\n<p align=\"JUSTIFY\"><span style=\"font-family: Bookman Old Style, serif;\"><span style=\"font-size: medium;\"><b>Le DDEN doit-il se taire si les demandes urgentes des \u00e9coles qu\u2019il suit ne sont pas honor\u00e9es\u00a0?<\/b><\/span><\/span><\/p>\n<p align=\"JUSTIFY\"><span style=\"font-family: Bookman Old Style, serif;\"><span style=\"font-size: medium;\">Doit-il s\u2019interdire de jouer son r\u00f4le de rassembleur des ami(e)s de l\u2019Ecole publique\u00a0? Ne sont-ils pas depuis des d\u00e9cennies des partenaires naturels des personnels et de leurs syndicats, des parents et de leurs associations pour que les l\u00e9gitimes demandes de tous pr\u00e9valent sur des consid\u00e9rations politiciennes, mercantiles, voire m\u00e9prisantes pour les besoins de la scolarit\u00e9 des \u00e9l\u00e8ves et des conditions d\u2019enseignement des personnels\u00a0?<\/span><\/span><\/p>\n<p align=\"JUSTIFY\"><span style=\"font-family: Bookman Old Style, serif;\"><span style=\"font-size: medium;\"><i>\u00ab\u00a0Plus que jamais l\u2019Ecole publique a besoin d\u2019avocats pour que ces besoins ne soient pas ignor\u00e9s\u00a0\u00bb<\/i> (Rapport moral pr\u00e9sent\u00e9 par Christiane Mousson, Secr\u00e9taire G\u00e9n\u00e9rale, pour le Congr\u00e8s de la F\u00e9d\u00e9ration Nationale de 1986).<\/span><\/span><\/p>\n<p align=\"JUSTIFY\"><span style=\"font-family: Bookman Old Style, serif;\"><span style=\"font-size: medium;\"><b>Les DDEN sont ces avocats<\/b>. Ils ne sont au service ni du Minist\u00e8re, ni du Maire. Ceux-ci ne peuvent-ils pas essayer de r\u00e9aliser des \u00e9conomies budg\u00e9taires sur le dos des Ecoles publiques ou encore chercher \u00e0 coloniser l\u2019Ecole pour la mettre \u00e0 leur service comme dans tous les r\u00e9gimes totalitaires\u00a0? <\/span><\/span><\/p>\n<p align=\"JUSTIFY\"><span style=\"font-family: Bookman Old Style, serif;\"><span style=\"font-size: medium;\">Les DDEN sont au seul service des besoins identifi\u00e9s des \u00e9coles publiques.<\/span><\/span><\/p>\n<p align=\"JUSTIFY\"><span style=\"font-family: Bookman Old Style, serif;\"><span style=\"font-size: medium;\"><b>Des signes plus qu\u2019inqui\u00e9tants mettent d\u00e9sormais l\u2019ind\u00e9pendance des DDEN sur la sellette.<\/b><\/span><\/span><\/p>\n<p align=\"JUSTIFY\"><span style=\"font-family: Bookman Old Style, serif;\"><span style=\"font-size: medium;\">Le Minist\u00e8re et ses Recteurs (directement d\u00e9sign\u00e9s, faut-il le rappeler, par le Conseil des Ministres) ne cachent pas leur volont\u00e9 politique que les \u00e9coles soient de plus en plus g\u00e9r\u00e9es par \u00ab\u00a0<i>les territoires<\/i>\u00a0\u00bb mena\u00e7ant l\u2019Education Nationale d\u2019\u00e9clatement en autant d\u2019\u00e9coles toutes diff\u00e9rentes selon les territoires\u00a0? <\/span><\/span><\/p>\n<p align=\"JUSTIFY\"><span style=\"font-family: Bookman Old Style, serif;\"><span style=\"font-size: medium;\">Christiane Mousson avait bien vu le danger ouvert par les lois de d\u00e9centralisation. <\/span><\/span><\/p>\n<p align=\"JUSTIFY\"><span style=\"font-family: Bookman Old Style, serif;\"><span style=\"font-size: medium;\">Elle \u00e9crivait\u00a0: \u00ab <i>Du fait de la d\u00e9centralisation nous exer\u00e7ons maintenant notre fonction dans un espace \u00e9largi, \u00e9largi parfois jusqu\u2019\u00e0 l\u2019\u00e9clatement entre multiples d\u00e9cideurs, ce qui ne laisse pas de nous interroger, de nous inqui\u00e9ter (\u00a0\u2026). Cet \u00e9clatement de l\u2019espace \u00e9ducatif, entre de multiples lieux de pouvoirs et de d\u00e9cisions porte un risque de d\u00e9mant\u00e8lement du service public d\u2019\u00e9ducation, de perte d\u2019unit\u00e9, de remise en cause des principes fondateurs garantissant \u00e0 tous les enfants et sur tout le territoire un \u00e9gal acc\u00e8s \u00e0 l\u2019instruction<\/i>\u00a0\u00bb. <\/span><\/span><\/p>\n<p align=\"RIGHT\"><span style=\"font-family: Bookman Old Style, serif;\"><span style=\"font-size: medium;\">Christiane Mousson, Pr\u00e9sidente d\u2019honneur de la F\u00e9d\u00e9ration des DDEN,<\/span><\/span><\/p>\n<p align=\"RIGHT\"><span style=\"font-family: Bookman Old Style, serif;\"><span style=\"font-size: medium;\"><i><b>L\u2019Ecole, la la\u00efcit\u00e9<\/b><\/i>, page 20 \u2013 d\u00e9cembre 2009<\/span><\/span><\/p>\n<p align=\"JUSTIFY\"><span style=\"font-family: Bookman Old Style, serif;\"><span style=\"font-size: medium;\">On comprendra ais\u00e9ment que les autorit\u00e9s de l\u2019Etat cherchent \u00e0 piloter les DASEN et les IEN dans cette voie de \u00ab\u00a0<i>l\u2019\u00e9cole territoriale<\/i>\u00a0\u00bb au point d\u2019abandonner de plus en plus les programmes scolaires nationaux par ann\u00e9e et par mati\u00e8re au profit de la multiplication de \u00ab\u00a0<i>projets dits \u00e9ducatifs<\/i>\u00a0\u00bb par \u00e9cole ou par commune. <\/span><\/span><\/p>\n<p align=\"JUSTIFY\"><span style=\"font-family: Bookman Old Style, serif;\"><span style=\"font-size: medium;\"><b>Une \u00ab\u00a0<\/b><i><b>autonomie<\/b><\/i><b>\u00a0\u00bb en marche qui disloque l\u2019Ecole de la R\u00e9publique et introduit des Elus politiques locaux et des Associations les plus diverses dans la conduite et la gestion des \u00e9coles territorialis\u00e9es.\u2026<\/b><\/span><\/span><\/p>\n<p align=\"JUSTIFY\"><span style=\"font-family: Bookman Old Style, serif;\"><span style=\"font-size: medium;\">La nouvelle cr\u00e9ation des \u00ab\u00a0<i>Cit\u00e9s Educatives<\/i>\u00a0\u00bb dans des quartiers populaires en est une parfaite illustration. Elle cr\u00e9e des disparit\u00e9s et des in\u00e9galit\u00e9s entre les \u00e9coles au sein d\u2019une m\u00eame commune en ouvrant l\u2019\u00e9cole \u00e0 des activit\u00e9s les plus diverses n\u2019ayant plus rien \u00e0 voir avec l\u2019Education Nationale. <\/span><\/span><\/p>\n<p align=\"JUSTIFY\"><span style=\"font-family: Bookman Old Style, serif;\"><span style=\"font-size: medium;\">On comprendra aussi la volont\u00e9 de casser le statut de la Fonction publique qui garantissait l\u2019ind\u00e9pendance et la qualification des personnels de l\u2019Education Nationale et l\u2019\u00e9galit\u00e9 des droits des \u00e9l\u00e8ves quelle que soit la Commune ou <i>\u00ab\u00a0le territoire\u00a0\u00bb.<\/i> <\/span><\/span><\/p>\n<p align=\"JUSTIFY\"><span style=\"font-family: Bookman Old Style, serif;\"><span style=\"font-size: medium;\">N\u2019est-ce pas l\u2019enjeu fondamental de la remise en cause du Bac comme examen national, avec copie et jury anonyme, au profit de \u00ab\u00a0<i>certificats maisons<\/i>\u00a0\u00bb sans valeur autre que celle que chaque Universit\u00e9, ou chaque employeur, leur accorderont\u00a0? En tout cas, les lyc\u00e9ens l\u2019ont compris en protestant contre les \u00e9preuves d\u2019E3C dans chaque lyc\u00e9e dans des conditions obligatoirement in\u00e9gales et arbitraires.<\/span><\/span><\/p>\n<p align=\"JUSTIFY\"><span style=\"font-family: Bookman Old Style, serif;\"><span style=\"font-size: medium;\">Dans ce contexte, on comprendra que les autorit\u00e9s proposent \u00e0 tous, Maires, Elus politiques, associations, syndicats\u2026 et maintenant DDEN, de participer \u00e0 la gestion de chaque \u00e9cole pour mettre en \u0153uvre le <i>\u00ab\u00a0projet \u00e9ducatif de l\u2019Etablissement<\/i>\u00a0\u00bb ou d\u2019une communaut\u00e9 d\u2019\u00e9tablissements. L\u2019avantage serait consid\u00e9rable pour les pouvoirs publics qui asphyxient de plus en plus les Communes\u00a0: le \u00ab\u00a0<i>Conseil d\u2019Ecole<\/i>\u00a0\u00bb devrait se d\u00e9brouiller pour assurer son \u00ab\u00a0<i>autonomie de gestion<\/i>\u00a0\u00bb (y compris pour le remplacement des enseignants absents, \u00e9quiper les \u00e9coles, payer les sorties scolaires ou assurer le m\u00e9nage dans l\u2019\u00e9cole). <\/span><\/span><\/p>\n<p align=\"JUSTIFY\"><span style=\"font-family: Bookman Old Style, serif;\"><span style=\"font-size: medium;\">Le Conseil d\u2019Ecole devrait se d\u00e9brouiller pour trouver les fonds n\u00e9cessaires pour le fonctionnement de l\u2019Ecole. <\/span><\/span><\/p>\n<p align=\"JUSTIFY\"><span style=\"font-family: Bookman Old Style, serif;\"><span style=\"font-size: medium;\"><b>Le r\u00e8gne de fonds priv\u00e9s \u00e0 l\u2019Ecole publique se marierait alors tr\u00e8s bien avec celui des fonds publics \u00e0 l\u2019\u00e9cole priv\u00e9e\u00a0! <\/b><\/span><\/span><\/p>\n<p align=\"JUSTIFY\"><span style=\"font-family: Bookman Old Style, serif;\"><span style=\"font-size: medium;\">On pourra ajouter les fonds publics aux grandes soci\u00e9t\u00e9s priv\u00e9es pour leur ouvrir les immenses march\u00e9s de la restauration scolaire, du chauffage et du m\u00e9nage dans les \u00e9coles et m\u00eame la construction de nouvelles \u00e9coles avec \u00ab\u00a0<i>des partenariats publics priv\u00e9s<\/i>\u00a0\u00bb qui, au final co\u00fbterait sur 25 ans de loyers 3 fois plus cher que le co\u00fbt de la construction\u00a0! <\/span><\/span><\/p>\n<p align=\"JUSTIFY\"><span style=\"font-family: Bookman Old Style, serif;\"><span style=\"font-size: medium;\">Comment ne pas s\u2019inqui\u00e9ter dans ces conditions de trouver dans la litt\u00e9rature du <i>Bulletin National de la F\u00e9d\u00e9ration<\/i> qu\u2019il faudrait d\u00e9sormais que les DDEN participent \u00e0 \u00ab\u00a0<i>la gestion de l\u2019\u00e9cole<\/i>\u00a0\u00bb, \u00e0 des \u00ab\u00a0<i>projets p\u00e9dagogiques ou \u00e9ducatifs\u00a0<\/i>\u00bb, \u00ab\u00a0<i>encadrent les sorties scolaires<\/i>\u00a0\u00bb et <b>ne devraient plus intervenir avec les amis de l\u2019Ecole publique pour que les demandes l\u00e9gitimes des \u00e9coles soient honor\u00e9es par les autorit\u00e9s municipales et de l\u2019Education Nationale.<\/b><\/span><\/span><\/p>\n<p align=\"JUSTIFY\"><span style=\"font-family: Bookman Old Style, serif;\"><span style=\"font-size: medium;\"><b>Autrement dit, il faudrait que le DDEN ait d\u00e9sormais uniquement le droit de se taire sur ce qui ne va pas dans des \u00e9coles de la R\u00e9publique, mais le devoir de collaborer \u00e0 l\u2019\u0153uvre de d\u00e9manteler de l\u2019Education Nationale.<\/b><\/span><\/span><\/p>\n<p align=\"JUSTIFY\"><span style=\"font-family: Bookman Old Style, serif;\"><span style=\"font-size: medium;\">N\u2019a-t-on pas vu la F\u00e9d\u00e9ration Nationale des DDEN soutenir la r\u00e9forme gouvernementale dite <i>\u00ab\u00a0des rythmes scolaires\u00a0\u00bb<\/i> contre l\u2019immense majorit\u00e9 des enseignants, alors que le Minist\u00e8re franchissait un pas de plus vers le transfert aux Elus politiques locaux du droit de d\u00e9terminer les horaires scolaires\u00a0pour mieux confondre l\u2019enseignement avec les activit\u00e9s p\u00e9riscolaires municipales\u00a0et autres ?<\/span><\/span><\/p>\n<p align=\"JUSTIFY\"><span style=\"font-family: Bookman Old Style, serif;\"><span style=\"font-size: medium;\">Cette escalade dans la collaboration avec le pouvoir politique n\u2019est pas seulement suicidaire pour la F\u00e9d\u00e9ration Nationale des DDEN. Elle est aussi une descente aux enfers amenant Eddy Khaldi \u00e0 organiser une v\u00e9ritable chasse aux sorci\u00e8res contre les DDEN qui veulent garder leur ind\u00e9pendance avec leur droit de signaler ce qui ne va pas dans nos \u00e9coles et d\u2019agir en faveur de mesures imm\u00e9diates pour satisfaire les besoins incontestables des \u00e9coles publiques (alors que, dans le m\u00eame temps 12 milliards de fonds publics sont d\u00e9vers\u00e9s cette ann\u00e9e aux \u00e9coles priv\u00e9es confessionnelles\u00a0!).<\/span><\/span><\/p>\n<p align=\"JUSTIFY\"><span style=\"font-family: Bookman Old Style, serif;\"><span style=\"font-size: medium;\">Il y a eu la radiation du DDEN du Rh\u00f4ne ayant commis le crime, selon Eddy Khaldi, de s\u2019\u00eatre adress\u00e9 aux autorit\u00e9s de l\u2019Education Nationale pour faire cesser le va et vient permanent de pr\u00eatres dans la Mairie o\u00f9 se situe l\u2019\u00e9cole publique. <\/span><\/span><\/p>\n<p align=\"JUSTIFY\"><span style=\"font-family: Bookman Old Style, serif;\"><span style=\"font-size: medium;\">Il y a le soutien d\u2019Eddy Khaldi au Pr\u00e9sident de l\u2019Union des DDEN de Seine-Saint-Denis, Mr Minetto, suppliant le DASEN de proc\u00e9der \u00e0 la radiation collective des 7 DDEN de Sevran. Il les accuse d\u2019intervenir publiquement avec un \u00ab\u00a0<i>Comit\u00e9 de Suivi\u00a0des \u00e9coles publiques de Sevran<\/i>\u00bb comprenant les enseignants et leurs syndicats, les parents et leurs associations pour que soient honor\u00e9es les demandes des \u00e9coles formul\u00e9es dans les comptes-rendus des Conseils d\u2019Ecole. Bref, d\u2019accomplir leur mission\u00a0!<\/span><\/span><\/p>\n<p align=\"JUSTIFY\"><span style=\"font-family: Bookman Old Style, serif;\"><span style=\"font-size: medium;\">Pr\u00e9cisons que l\u2019IEN de la circonscription avait exig\u00e9 des 7 DDEN que leurs signalements restent totalement confidentiels et sans r\u00e9ponse de sa part. Ces exigences sont aussi inadmissibles que ridicules. Ces demandes figurent toutes dans les comptes-rendus \u00e9crits des Conseils d\u2019Ecole (27 sur la ville), affich\u00e9s \u00e0 la porte des \u00e9coles\u00a0! Elles sont r\u00e9pertori\u00e9es dans des CAHIERS (4 N\u00b0) qui ont servi de base pr\u00e9cise pour les autorit\u00e9s municipales et leurs services techniques municipaux. Les DDEN en ont \u00e9t\u00e9 remerci\u00e9s par tous et approuv\u00e9 par l\u2019AG d\u00e9partementale annuelle des DDEN du 16 f\u00e9vrier 2019. <\/span><\/span><\/p>\n<p align=\"JUSTIFY\"><span style=\"font-family: Bookman Old Style, serif;\"><span style=\"font-size: medium;\">Tous, sauf l\u2019IEN qui se plaindra aupr\u00e8s de Mr Minetto, le Pr\u00e9sident d\u00e9partemental de l\u2019Union qui demandera\u2026 leur radiation collective au DASEN, sans m\u00eame que les DDEN se Sevran ne soient entendus. <\/span><\/span><\/p>\n<p align=\"JUSTIFY\"><span style=\"font-family: Bookman Old Style, serif;\"><span style=\"font-size: medium;\"><b>Les 7 DDEN sont convoqu\u00e9s un par un par le nouveau DASEN (venant de la Moselle), entre le 25 f\u00e9vrier et le 4 mars 2020.<\/b><\/span><\/span><\/p>\n<p align=\"JUSTIFY\"><span style=\"font-family: Bookman Old Style, serif;\"><span style=\"font-size: medium;\"><b>Vous lirez (PIECES JOINTES) leurs observations adress\u00e9es aux autorit\u00e9s prouvant sans aucun doute possible le caract\u00e8re irr\u00e9gulier, injuste et arbitraire de cette proc\u00e9dure de radiation<\/b>. <\/span><\/span><\/p>\n<p align=\"JUSTIFY\"><span style=\"font-family: Bookman Old Style, serif;\"><span style=\"font-size: medium;\">Elle est sans aucun fondement s\u00e9rieux au regard de l\u2019accomplissement de leurs missions par la d\u00e9l\u00e9gation sevranaise des DDEN qui a le soutien de tous les enseignants et leurs syndicats, parents \u00e9lus dans les conseils d\u2019\u00e9cole, Elus municipaux, le Maire et l\u2019ancien Maire&#8230; Tous les conseils d\u2019\u00e9cole en ont discut\u00e9. Personne de la ville ne demande leur radiation, bien au contraire\u00a0!<\/span><\/span><\/p>\n<p align=\"JUSTIFY\"><span style=\"font-family: Bookman Old Style, serif;\"><span style=\"font-size: medium;\">Mais, \u00e0 l\u2019\u00e9vidence, Eddy Khaldi et Minetto n\u2019en ont rien \u00e0 faire. Pour eux les DDEN doivent d\u2019abord ob\u00e9ir aux autorit\u00e9s, dont ils seraient les nouveaux collaborateurs. <\/span><\/span><\/p>\n<p align=\"JUSTIFY\"><span style=\"font-family: Bookman Old Style, serif;\"><span style=\"font-size: medium;\"><b>Taisez-vous Messieurs les DDEN et ne bougez pas pour que les demandes des \u00e9coles publiques soient honor\u00e9es, sinon vous subirez le m\u00eame sort que votre coll\u00e8gue du Rh\u00f4ne et de Seine-Saint-Denis.<\/b><\/span><\/span><\/p>\n<p align=\"JUSTIFY\"><span style=\"font-family: Bookman Old Style, serif;\"><span style=\"font-size: medium;\">Exag\u00e9ration\u00a0? <\/span><\/span><\/p>\n<p align=\"JUSTIFY\"><span style=\"font-family: Bookman Old Style, serif;\"><span style=\"font-size: medium;\">Dans le compte-rendu du Conseil F\u00e9d\u00e9ral du 14\/11\/2019, adopt\u00e9 par le Conseil f\u00e9d\u00e9ral du 23 janvier 2020, on apprend que le Conseil F\u00e9d\u00e9ral a vot\u00e9 \u00e0 l\u2019unanimit\u00e9 la radiation d\u2019un DDEN de Marseille. <\/span><\/span><\/p>\n<p align=\"JUSTIFY\"><span style=\"font-family: Bookman Old Style, serif;\"><span style=\"font-size: medium;\">Son crime\u00a0? <\/span><\/span><\/p>\n<p align=\"JUSTIFY\"><span style=\"font-family: Bookman Old Style, serif;\"><span style=\"font-size: medium;\"><i><b>\u00abPatrick Krikorian de sa propre initiative, sans informer la direction de la F\u00e9d\u00e9ration, a transmis un banal document de 3 pages sur les visites (d\u2019\u00e9coles) de Marseille au DASEN, \u00e0 la Maire-Adjointe de Marseille et \u00e0 quelques membre de son CA au nom de la F\u00e9d\u00e9ration alors qu\u2019il n\u2019a particip\u00e9 \u00e0 aucune des visites avec elle. La Mairie de Marseille a interrog\u00e9 la F\u00e9d\u00e9ration qui avait pris l\u2019engagement de ne rien diffuser. Le Conseil F\u00e9d\u00e9ral estime que Patrick Krikorian a commis l\u00e0 des fautes graves\u00a0.\u00a0\u00bb<\/b><\/i><\/span><\/span><\/p>\n<p align=\"JUSTIFY\"><span style=\"font-family: Bookman Old Style, serif;\"><span style=\"font-size: medium;\">Incroyable mais vrai\u00a0! Un DDEN est radi\u00e9 de la F\u00e9d\u00e9ration parce qu\u2019Eddy Khaldi avait pass\u00e9 un accord (secret) avec le Maire de Marseille pour que rien ne soit dit sur la situation scandaleuse de certaines \u00e9coles de quartiers populaires de Marseille laiss\u00e9es \u00e0 l\u2019abandon\u00a0! <\/span><\/span><\/p>\n<p align=\"JUSTIFY\"><span style=\"font-family: Bookman Old Style, serif;\"><span style=\"font-size: medium;\"><i>Eddy Khaldi ira-t-il jusqu\u2019\u00e0 condamner les reportages pass\u00e9s sur<\/i> FR3 r\u00e9gionale qui montre la situation lamentable de certaines \u00e9coles\u00a0? Condamnera-t-il aussi les familles qui se sont regroup\u00e9es pour que des mesures d\u2019urgence soient prises pour remettre en \u00e9tat toutes les \u00e9coles de Marseille et construire de nouvelles \u00e9coles indispensables pour scolariser correctement tous les enfants marseillais\u00a0?<\/span><\/span><\/p>\n<p align=\"JUSTIFY\"><span style=\"font-family: Bookman Old Style, serif;\"><span style=\"font-size: medium;\">De quel c\u00f4t\u00e9 se place le DDEN du Val de Marne devenu Pr\u00e9sident de la F\u00e9d\u00e9ration Nationale\u00a0?<\/span><\/span><\/p>\n<ul>\n<li>\n<p align=\"JUSTIFY\"><span style=\"font-family: Bookman Old Style, serif;\"><span style=\"font-size: medium;\">du c\u00f4t\u00e9 des droits des \u00e9l\u00e8ves et des ma\u00eetres des \u00e9coles publiques ou du c\u00f4t\u00e9 des autorit\u00e9s pour qui l\u2019Ecole publique co\u00fbterait trop ch\u00e8re \u00e0 l\u2019Etat et aux Communes\u00a0?<\/span><\/span><\/p>\n<\/li>\n<li>\n<p align=\"JUSTIFY\"><span style=\"font-family: Bookman Old Style, serif;\"><span style=\"font-size: medium;\">Du c\u00f4t\u00e9 des DDEN qui accomplissent leurs missions en toute ind\u00e9pendance en signalant ce qui ne va pas dans les \u00e9coles publiques et en agissant avec tous ceux qui souhaitent que les l\u00e9gitimes demandes des \u00e9coles soient honor\u00e9es par les pouvoirs publics ou du c\u00f4t\u00e9 de ceux qui souhaitent \u00e9touffer dans l\u2019\u0153uf les situations de vie scolaire inadmissibles dans l\u2019Ecole de la R\u00e9publique\u00a0?<\/span><\/span><\/p>\n<\/li>\n<li>\n<p align=\"JUSTIFY\"><span style=\"font-family: Bookman Old Style, serif;\"><span style=\"font-size: medium;\">Du c\u00f4t\u00e9 de la v\u00e9rit\u00e9 des faits ou du c\u00f4t\u00e9 de la loi du silence et du secret d\u2019Etat\u00a0?<\/span><\/span><\/p>\n<\/li>\n<\/ul>\n<p align=\"JUSTIFY\"><span style=\"font-family: Bookman Old Style, serif;\"><span style=\"font-size: medium;\">La radiation du DDEN de Marseille, de celui du Rh\u00f4ne et la proc\u00e9dure de radiation engag\u00e9e avec l\u2019appui d\u2019Eddy Khaldi pour faire radier les 7 DDEN de Sevran par le DASEN apportent d\u00e9j\u00e0 des r\u00e9ponses. <\/span><\/span><\/p>\n<p align=\"JUSTIFY\"><span style=\"font-family: Bookman Old Style, serif;\"><span style=\"font-size: medium;\">Le compte-rendu du Conseil F\u00e9d\u00e9ral National du 14 novembre 2019 franchit un cran suppl\u00e9mentaire dans la tentative engag\u00e9e de normalisation de la F\u00e9d\u00e9ration et de ses Unions D\u00e9partementales. \u00ab\u00a0<i><b>Le Conseil f\u00e9d\u00e9ral est une instance d\u00e9lib\u00e9rative qui prend un certain nombre de d\u00e9cisions et les prises de position de la F\u00e9d\u00e9ration engagent tous les DDEN\u00a0\u00bb.<\/b><\/i><\/span><\/span><\/p>\n<p align=\"JUSTIFY\"><span style=\"font-family: Bookman Old Style, serif;\"><span style=\"font-size: medium;\"><b>La libert\u00e9 de conscience des DDEN n\u2019existerait donc plus dans la F\u00e9d\u00e9ration dans laquelle on devrait ob\u00e9ir au doigt et \u00e0 l\u2019\u0153il aux d\u00e9cisions de la Direction F\u00e9d\u00e9rale sous peine de radiation.<\/b><\/span><\/span><\/p>\n<p align=\"JUSTIFY\"><span style=\"font-family: Bookman Old Style, serif;\"><span style=\"font-size: medium;\">Des DDEN sont solidaires des enseignants qui ont massivement rejet\u00e9 la r\u00e9forme des rythmes scolaires\u00a0? Des DDEN ne seraient pas pour interdire aux femmes musulmanes d\u2019accompagner les sorties scolaires\u00a0? D\u2019autres encore agissent main dans la main avec les syndicats d\u2019enseignants, les parents et leurs associations pour que les besoins des \u00e9coles soient signal\u00e9s et satisfaits par les autorit\u00e9s concern\u00e9es\u00a0? Ils auraient d\u00e9sormais le droit de le penser, mais l\u2019obligation de se taire. Le Grand Inquisiteur pr\u00e9sidera \u00e0 leur sort.<\/span><\/span><\/p>\n<p align=\"JUSTIFY\"><span style=\"font-family: Bookman Old Style, serif;\"><span style=\"font-size: medium;\"><b>Et, pour que cela soit bien clair pour tous, le Conseil F\u00e9d\u00e9ral National suspend une \u00e9p\u00e9e de Damocl\u00e8s sur la t\u00eate de chacun et de tous\u00a0: l\u2019\u00e9ch\u00e9ance de 2021 avec la proc\u00e9dure de renouvellement<\/b>. <\/span><\/span><\/p>\n<p align=\"JUSTIFY\"><span style=\"font-family: Bookman Old Style, serif;\"><span style=\"font-size: medium;\">Le compte-rendu rappelle sentencieusement\u00a0: \u00ab\u00a0<i><b>Les nominations et les radiations sont de la comp\u00e9tence exclusive du DASEN\u00a0\u00bb<\/b><\/i><b>, <\/b>m\u00eame si l\u2019IEN \u00e9met un avis favorable au renouvellement.<\/span><\/span><\/p>\n<p align=\"JUSTIFY\"><span style=\"font-family: Bookman Old Style, serif;\"><span style=\"font-size: medium;\">Eddy Khaldi avait pass\u00e9 un accord secret avec le Maire de Marseille pour faire r\u00e9gner la loi du silence sur les situations r\u00e9elles des \u00e9coles publiques des quartiers populaires de Marseille.<\/span><\/span><\/p>\n<p align=\"JUSTIFY\"><span style=\"font-family: Bookman Old Style, serif;\"><span style=\"font-size: medium;\">Le Pr\u00e9sident de l\u2019Union de Seine-Saint-Denis, Mr Minetto, applique d\u00e9j\u00e0 cette loi du silence dans les rangs sur la situation r\u00e9elle des \u00e9coles du 93, au CDEN o\u00f9 il si\u00e8ge. Il va jusqu\u2019\u00e0 d\u00e9noncer les DDEN de Sevran qui osent vouloir conserver leur bien le plus pr\u00e9cieux pour accomplir leurs missions\u00a0: leur ind\u00e9pendance vis-\u00e0-vis des autorit\u00e9s.<\/span><\/span><\/p>\n<p align=\"JUSTIFY\"><span style=\"font-family: Bookman Old Style, serif;\"><span style=\"font-size: medium;\">La proc\u00e9dure engag\u00e9e pour la radiation des DDEN de Sevran a d\u00e9sormais un contenu et une port\u00e9e \u00e0 l\u2019\u00e9chelle nationale\u00a0: l\u2019enjeu n\u2019est-il pas, en effet, de savoir si tous les DDEN qui ne feront pas acte d\u2019all\u00e9geance aux autorit\u00e9s engag\u00e9es dans le d\u00e9mant\u00e8lement de l\u2019Education Nationale seront ou non radi\u00e9s ou non renouvel\u00e9s pour leur interdire d\u2019accomplir leurs missions et imposer le silence dans les rangs de la F\u00e9d\u00e9ration\u00a0?<\/span><\/span><\/p>\n<p align=\"JUSTIFY\"><span style=\"font-family: Bookman Old Style, serif;\"><span style=\"font-size: medium;\">Nous aurons la r\u00e9ponse dans quelques semaines.<\/span><\/span><\/p>\n<p align=\"CENTER\"><span style=\"font-family: Bookman Old Style, serif;\"><span style=\"font-size: large;\"><b>Michel Bureau<\/b><\/span><\/span><\/p>\n<ol>\n<li>\n<p align=\"JUSTIFY\"><span style=\"font-family: Bookman Old Style, serif;\"><span style=\"font-size: small;\">Articles du Code de l\u2019Education d\u00e9finissant les missions des DDEN\u00a0: Articles N\u00b0 L241-4-1, D241-24, D241-31, D241-32, D241-33, D241-3, D411. On pourra se r\u00e9f\u00e9rer aussi \u00e0 la Charte du DDEN qui rappelle la mission d\u2019inspection et son domaine de comp\u00e9tence fix\u00e9 r\u00e8glementairement, en particulier, son devoir de \u00ab\u00a0<i>signalement aux autorit\u00e9s publiques comp\u00e9tentes ce qui para\u00eet n\u00e9faste \u00e0 l\u2019accueil et \u00e0 l\u2019\u00e9ducation des enfants<\/i>\u00a0\u00bb.<\/span><\/span><\/p>\n<\/li>\n<\/ol>\n<ol start=\"2\">\n<li>\n<p align=\"JUSTIFY\"><span style=\"font-family: Bookman Old Style, serif;\"><span style=\"font-size: small;\">QUI EST DONC Mr MINETTO\u00a0? Pr\u00e9sident de l\u2019Union des DDEN 93, il est \u00e0 ce titre responsable de faire respecter la r\u00e8glementation en vigueur quant au statut des DDEN. Or, il est lui-m\u00eame \u00e9lu politique municipal \u00e0 Villemomble depuis plusieurs ann\u00e9es tout en exer\u00e7ant dans cette ville les fonctions de DDEN, ce qui est formellement interdit. Il a d\u2019ailleurs cess\u00e9 de les exercer dans sa Commune, en se mutant lui-m\u00eame \u00e0 Bondy en septembre 2019, apr\u00e8s avoir sign\u00e9 son courrier au DASEN demandant la radiation collective des 7 DDEN de Sevran. <\/span><\/span><\/p>\n<\/li>\n<\/ol>\n<p align=\"JUSTIFY\"><span style=\"font-family: Bookman Old Style, serif;\"><span style=\"font-size: small;\">Pr\u00e9cisons \u00e9galement que Mr Minetto a accept\u00e9 que des \u00e9lus politiques (du m\u00eame parti que lui) exercent des fonctions de DDEN dans la Commune o\u00f9 ils sont Conseillers municipaux, et m\u00eame Maire Adjoint, ce qui est formellement interdit. Enfin, Mr Minetto conduit une liste aux \u00e9lections municipales \u00e0 Villemomble o\u00f9 il revendique de devenir le Maire en se r\u00e9clamant publiquement d\u2019\u00eatre \u00ab\u00a0<i>le Pr\u00e9sident d\u2019une Association de b\u00e9n\u00e9vole qui veille \u00e0 la qualit\u00e9 de vie et la s\u00e9curit\u00e9 des enfants dans les \u00e9coles du d\u00e9partement<\/i>\u00a0\u00bb\u00a0! \u00a0A ses c\u00f4t\u00e9s sur sa liste aux \u00e9lections Municipales \u00e0 Villemomble on trouve \u00e9galement un DASEN Adjoint qui exerce ses fonctions dans un D\u00e9partement de l\u2019Acad\u00e9mie de Cr\u00e9teil. La boucle est boucl\u00e9e. <\/span><\/span><\/p>\n","protected":false},"excerpt":{"rendered":"<p>\u201cMesdames et messieurs les DDEN: changer vos missions sous peine de radiation!\u201d Dans un article paru dans le D\u00e9l\u00e9gu\u00e9 La\u00efque N\u00b03, nous avions pu lire les risques s\u00e9rieux de remise en cause des missions des DDEN telles qu\u2019elles sont d\u00e9finies dans plusieurs articles du Code l\u2019Education. (1)<\/p>\n","protected":false},"author":1,"featured_media":0,"comment_status":"closed","ping_status":"closed","sticky":false,"template":"","format":"standard","meta":{"footnotes":""},"categories":[13],"tags":[],"_links":{"self":[{"href":"https:\/\/ledeleguelaique.fr\/index.php?rest_route=\/wp\/v2\/posts\/372"}],"collection":[{"href":"https:\/\/ledeleguelaique.fr\/index.php?rest_route=\/wp\/v2\/posts"}],"about":[{"href":"https:\/\/ledeleguelaique.fr\/index.php?rest_route=\/wp\/v2\/types\/post"}],"author":[{"embeddable":true,"href":"https:\/\/ledeleguelaique.fr\/index.php?rest_route=\/wp\/v2\/users\/1"}],"replies":[{"embeddable":true,"href":"https:\/\/ledeleguelaique.fr\/index.php?rest_route=%2Fwp%2Fv2%2Fcomments&post=372"}],"version-history":[{"count":2,"href":"https:\/\/ledeleguelaique.fr\/index.php?rest_route=\/wp\/v2\/posts\/372\/revisions"}],"predecessor-version":[{"id":376,"href":"https:\/\/ledeleguelaique.fr\/index.php?rest_route=\/wp\/v2\/posts\/372\/revisions\/376"}],"wp:attachment":[{"href":"https:\/\/ledeleguelaique.fr\/index.php?rest_route=%2Fwp%2Fv2%2Fmedia&parent=372"}],"wp:term":[{"taxonomy":"category","embeddable":true,"href":"https:\/\/ledeleguelaique.fr\/index.php?rest_route=%2Fwp%2Fv2%2Fcategories&post=372"},{"taxonomy":"post_tag","embeddable":true,"href":"https:\/\/ledeleguelaique.fr\/index.php?rest_route=%2Fwp%2Fv2%2Ftags&post=372"}],"curies":[{"name":"wp","href":"https:\/\/api.w.org\/{rel}","templated":true}]}}