{"id":363,"date":"2019-10-13T20:17:08","date_gmt":"2019-10-13T18:17:08","guid":{"rendered":"https:\/\/ledeleguelaique.fr\/?p=363"},"modified":"2022-01-21T19:18:43","modified_gmt":"2022-01-21T18:18:43","slug":"lettre-de-la-delegation-sevranaise-des-dden","status":"publish","type":"post","link":"https:\/\/ledeleguelaique.fr\/?p=363","title":{"rendered":"DOSSIER DL 5 : Lettre de la d\u00e9l\u00e9gation sevranaise des DDEN"},"content":{"rendered":"<p>La d\u00e9l\u00e9gation sevranaise des DDEN, r\u00e9unie ce 8 octobre 2019,<br \/>\nPr\u00e9sidente\u00a0: Christie Vigliano<br \/>\n6 All\u00e9e jean Bart Sevran 93270<br \/>\nSecr\u00e9taire\u00a0: Denise Landron<\/p>\n<p>A Jean Marc Minetto,<br \/>\nPr\u00e9sident de la F\u00e9d\u00e9ration des DDEN de la Seine-Saint-Denis<br \/>\nAux membres \u00e9lus du CA d\u00e9partemental de la F\u00e9d\u00e9ration des DDEN,<br \/>\nAux DDEN de Seine-Saint-Denis<\/p>\n<p>Mesdames, Messieurs, cher(e)s coll\u00e8gues,<!--more--><\/p>\n<p>Il est des silences lourds de significations.<br \/>\nIl y a maintenant 15 jours, le samedi 21 Septembre 2019, une Directrice d&rsquo;une \u00e9cole maternelle publique de Pantin, 3 semaines seulement apr\u00e8s le retour des vacances, r\u00e9dige seule, dans son \u00e9cole, une longue lettre \u00e0 ses coll\u00e8gues. Elle est \u00e9puis\u00e9e, elle n&rsquo;en peut plus, elle va mettre fin \u00e0 ses jours de gal\u00e8re, mat\u00e9rielle et morale.<br \/>\nElle sort sur imprimante, plusieurs exemplaires, elle va chercher des enveloppes, elle y glisse la missive de 3 pages, elle \u00e9crit le nom de ses coll\u00e8gues directeurs sur l&rsquo;enveloppe. Elle sort de l&rsquo;\u00e9cole et va poster son courrier.<br \/>\nElle revient et \u00e9crit une affichette pour la gardienne. Puis, elle d\u00e9cide de monter dans la mezzanine du 1er \u00e9tage et, l\u00e0, elle se jette dans le vide.<br \/>\nSur l&rsquo;une des lettres, \u00e0 un de ses amis, directeur, d\u00e9l\u00e9gu\u00e9 syndical, elle \u00e9crit de sa main\u00a0: <em>\u00ab\u00a0je vous fais confiance pour ne pas laisser l\u2019administration salir ma m\u00e9moire\u00a0\u00bb<\/em>.<br \/>\nSa lettre que nous avons tous lue, avec beaucoup d&rsquo;attention, relate ce que nous entendons dans la plupart des \u00e9coles o\u00f9 nous sommes DDEN.<br \/>\nLe Pr\u00e9sident des DDEN du 93 ne peut pas dire qu\u2019il ne savait pas. Ces conditions inadmissibles de la vie scolaire ont \u00e9t\u00e9 consign\u00e9es dans 3 cahiers du \u00ab\u00a0comit\u00e9 de suivi des \u00e9coles publiques de la ville de Sevran\u00bb.<br \/>\nLes DDEN de Sevran, conform\u00e9ment \u00e0 leur mission et leur devoir, les ont signal\u00e9es au CA des DDEN, \u00e0 l&rsquo;Assembl\u00e9e g\u00e9n\u00e9rale, au Pr\u00e9fet, au Sous-Pr\u00e9fet, au DASEN et de nombreuses fois \u00e0 l&rsquo;IEN et au Maire.<br \/>\nLa lettre de Mme la Directrice d\u2019\u00e9cole de Pantin, malgr\u00e9 l\u2019ordre donn\u00e9 \u00e0 la police de la r\u00e9quisitionner pour tenter d\u2019emp\u00eacher sa diffusion, a \u00e9t\u00e9 lue dans des milliers d&rsquo;\u00e9coles publiques, partout dans notre pays.<br \/>\nEn Seine Saint Denis, le 3 octobre, 85% des enseignants \u00e9taient en gr\u00e8ve et plus de la moiti\u00e9 des \u00e9coles \u00e9taient ferm\u00e9es.<br \/>\nLe Pr\u00e9sident de la F\u00e9d\u00e9ration des DDEN n\u2019ignore rien de tout cela.<br \/>\nQue fait-il\u00a0? Il se tait dans un silence assourdissant.<br \/>\nPas de Conseil d\u2019Administration de rentr\u00e9e, malgr\u00e9 une rencontre avec le DASEN, le 16 septembre, dont nous ne savons rien des \u00e9changes et des conclusions.<br \/>\nL\u2019\u00e9motion est telle dans les \u00e9coles, et chez les parents d&rsquo;\u00e9l\u00e8ves, qu\u2019un communiqu\u00e9 unitaire est sign\u00e9 par 7 syndicats d\u2019enseignants appelant \u00e0 la gr\u00e8ve et la manifestation \u00e0 l\u2019Inspection Acad\u00e9mique le 3 octobre, et \u00e0 \u00ab\u00a0une marche blanche\u00a0\u00bb \u00e0 Pantin, le 5 octobre, avec les parents.<br \/>\nO\u00f9 est le Pr\u00e9sident de la F\u00e9d\u00e9ration 93 des DDEN\u00a0?<br \/>\nQue deviennent les \u00ab\u00a0valeurs\u00a0\u00bb dont il se r\u00e9clame ? Et pourtant, le 3 octobre, l\u2019\u00e9cole de Bondy o\u00f9 il est DDEN \u00e9tait ferm\u00e9e en hommage \u00e0 cette Directrice.<br \/>\nLes DDEN de Sevran ont esp\u00e9r\u00e9 et attendu un mot du Pr\u00e9sident, si prompt \u00e0 condamner leur investissement b\u00e9n\u00e9vole pour des conditions correctes de la vie scolaire afin, au minimum, d\u2019exprimer notre solidarit\u00e9 avec les Directeurs d\u2019\u00e9cole \u00e0 qui les autorit\u00e9s de l&rsquo;Education Nationale imposent des conditions de travail insupportables et inadmissibles.<\/p>\n<p>Un CA de la F\u00e9d\u00e9ration d\u00e9partementale va se tenir, du moins nous l\u2019esp\u00e9rons.<\/p>\n<p>Dans ces conditions exceptionnelles o\u00f9 le d\u00e9shonneur s\u2019est install\u00e9 \u00e0 la t\u00eate de notre F\u00e9d\u00e9ration d\u00e9partementale (et nationale car \u00e0 notre connaissance, Eddy Khaldi s\u2019est emmur\u00e9 dans le m\u00eame silence complice), il nous para\u00eet tr\u00e8s difficile, sinon impossible, de faire comme si de rien n&rsquo;\u00e9tait.<\/p>\n<p>Une AG d\u00e9partementale extraordinaire pour en discuter ne serait-elle pas n\u00e9cessaire\u00a0?<\/p>\n<p>Avec toute notre solidarit\u00e9 et notre respect pour les Directeurs d\u2019\u00e9cole du d\u00e9partement et leurs coll\u00e8gues enseignants,<\/p>\n<p><strong>Les 7 DDEN de la ville de Sevran.<\/strong><\/p>\n","protected":false},"excerpt":{"rendered":"<p>La d\u00e9l\u00e9gation sevranaise des DDEN, r\u00e9unie ce 8 octobre 2019, Pr\u00e9sidente\u00a0: Christie Vigliano 6 All\u00e9e jean Bart Sevran 93270 Secr\u00e9taire\u00a0: Denise Landron A Jean Marc Minetto, Pr\u00e9sident de la F\u00e9d\u00e9ration des DDEN de la Seine-Saint-Denis Aux membres \u00e9lus du CA d\u00e9partemental de la F\u00e9d\u00e9ration des DDEN, Aux DDEN de Seine-Saint-Denis Mesdames, Messieurs, cher(e)s coll\u00e8gues,<\/p>\n","protected":false},"author":1,"featured_media":308,"comment_status":"closed","ping_status":"closed","sticky":false,"template":"","format":"standard","meta":{"footnotes":""},"categories":[12],"tags":[],"_links":{"self":[{"href":"https:\/\/ledeleguelaique.fr\/index.php?rest_route=\/wp\/v2\/posts\/363"}],"collection":[{"href":"https:\/\/ledeleguelaique.fr\/index.php?rest_route=\/wp\/v2\/posts"}],"about":[{"href":"https:\/\/ledeleguelaique.fr\/index.php?rest_route=\/wp\/v2\/types\/post"}],"author":[{"embeddable":true,"href":"https:\/\/ledeleguelaique.fr\/index.php?rest_route=\/wp\/v2\/users\/1"}],"replies":[{"embeddable":true,"href":"https:\/\/ledeleguelaique.fr\/index.php?rest_route=%2Fwp%2Fv2%2Fcomments&post=363"}],"version-history":[{"count":3,"href":"https:\/\/ledeleguelaique.fr\/index.php?rest_route=\/wp\/v2\/posts\/363\/revisions"}],"predecessor-version":[{"id":575,"href":"https:\/\/ledeleguelaique.fr\/index.php?rest_route=\/wp\/v2\/posts\/363\/revisions\/575"}],"wp:featuredmedia":[{"embeddable":true,"href":"https:\/\/ledeleguelaique.fr\/index.php?rest_route=\/wp\/v2\/media\/308"}],"wp:attachment":[{"href":"https:\/\/ledeleguelaique.fr\/index.php?rest_route=%2Fwp%2Fv2%2Fmedia&parent=363"}],"wp:term":[{"taxonomy":"category","embeddable":true,"href":"https:\/\/ledeleguelaique.fr\/index.php?rest_route=%2Fwp%2Fv2%2Fcategories&post=363"},{"taxonomy":"post_tag","embeddable":true,"href":"https:\/\/ledeleguelaique.fr\/index.php?rest_route=%2Fwp%2Fv2%2Ftags&post=363"}],"curies":[{"name":"wp","href":"https:\/\/api.w.org\/{rel}","templated":true}]}}