{"id":343,"date":"2019-10-15T23:52:27","date_gmt":"2019-10-15T21:52:27","guid":{"rendered":"https:\/\/ledeleguelaique.fr\/?p=343"},"modified":"2019-10-16T17:30:51","modified_gmt":"2019-10-16T15:30:51","slug":"pourquoi-tant-de-haine","status":"publish","type":"post","link":"https:\/\/ledeleguelaique.fr\/?p=343","title":{"rendered":"Pourquoi tant de haine\u00a0?"},"content":{"rendered":"<blockquote><p>Visiblement les questions et interrogations que pose notre modeste bulletin num\u00e9rique semblent agacer au plus haut niveau de la F\u00e9d\u00e9ration nationale des DDEN.<\/p>\n<p>Faut-il que le colosse soit aux pieds bien d\u2019argile pour commencer un congr\u00e8s national par une telle charge de cavalerie\u00a0?<\/p>\n<p>C\u2019est l\u2019hommage, sans doute, du vice \u00e0 la vertu et c\u2019est bien trop d\u2019honneur pour nous.<\/p><\/blockquote>\n<p>Voici les propos d\u2019Eddy Khaldi \u00e0 l\u2019ouverture du Congr\u00e8s national des DDEN de Rennes :<!--more--><\/p>\n<h2>Le congr\u00e8s de Rennes, un grand moment f\u00e9d\u00e9ral<\/h2>\n<h4>Texte d\u2019ouverture du Pr\u00e9sident de la F\u00e9d\u00e9ration<\/h4>\n<h3>Transformer les id\u00e9es de chacune et de chacun en une action f\u00e9d\u00e9rale<\/h3>\n<p><img loading=\"lazy\" decoding=\"async\" class=\"size-medium wp-image-344 alignleft\" src=\"https:\/\/ledeleguelaique.fr\/wp-content\/uploads\/2019\/10\/IMG_5577-300x225-300x225.jpg\" alt=\"\" width=\"300\" height=\"225\" \/>Je suis heureux et fier de retrouver, ici, des b\u00e9n\u00e9voles engag\u00e9s au service de l\u2019\u00e9cole publique la\u00efque que j\u2019ai pour la plupart rencontr\u00e9s lors de vos Assembl\u00e9es g\u00e9n\u00e9rales de cette ann\u00e9e et de l\u2019an pass\u00e9. Ces assembl\u00e9es t\u00e9moignent de l\u2019engagement militant tr\u00e8s actif des DDEN et de l\u2019activit\u00e9 vivante de vos Unions sur le terrain de l\u2019\u00c9cole la\u00efque pour le seul int\u00e9r\u00eat des enfants. Grand merci \u00e0 vous toutes et tous !<\/p>\n<p>Pour partager des d\u00e9bats et des id\u00e9es entre toutes et tous, adh\u00e9rents de notre F\u00e9d\u00e9ration, nous avons des rendez-vous statutaires et des r\u00e8gles. Nous sommes l\u00e0, durant ces trois jours, pour ce rendez-vous annuel des d\u00e9l\u00e9gu\u00e9s mandat\u00e9s de toutes les Unions afin de d\u00e9finir la politique f\u00e9d\u00e9rale \u00e0 conduire et pour adopter une r\u00e9solution et des motions soumises \u00e0 ce Congr\u00e8s annuel souverain. A la suite du dernier Congr\u00e8s du Kremlin Bic\u00eatre, les actions men\u00e9es par le Bureau et le Conseil f\u00e9d\u00e9ral ont \u00e9t\u00e9 tr\u00e8s souvent adopt\u00e9es \u00e0 l\u2019unanimit\u00e9.<\/p>\n<p>Le Congr\u00e8s, au niveau national, est la seule instance o\u00f9 l\u2019on peut entreprendre et d\u00e9cider collectivement conform\u00e9ment \u00e0 nos statuts et r\u00e8glement int\u00e9rieur. C\u2019est l\u00e0, et seulement l\u00e0, dans la d\u00e9mocratie l\u00e9gitim\u00e9e par le d\u00e9bat puis le vote que l\u2019on transforme les intentions individuelles en projet collectif et f\u00e9d\u00e9rateur. Dans toutes nos structures dans toutes nos instances, notre activit\u00e9 civique est permanente. Elle se construit dans les \u00e9changes et se conclut par des d\u00e9cisions vot\u00e9es et mises en \u0153uvre.<\/p>\n<p>Cependant, ce processus d\u00e9mocratique, admis par tous, ne fait pas l\u2019affaire d\u2019une petite minorit\u00e9, qui, de l\u2019ext\u00e9rieur, hors de l\u2019organisation, diffuse, depuis plusieurs mois, sur internet et, de fa\u00e7on tr\u00e8s al\u00e9atoire, dans la messagerie d\u2019adh\u00e9rents, une publication \u00e0 charge intitul\u00e9e \u00ab Le D\u00e9l\u00e9gu\u00e9 la\u00efque \u00bb pour s\u2019opposer, par ce pl\u00e9onasme, \u00e0 ce que nous ne serions pas. La la\u00efcit\u00e9 est consubstantielle \u00e0 nos missions et fonctions de DDEN. Ce groupuscule \u00ab D\u00e9l\u00e9gu\u00e9 la\u00efque \u00bb qui s\u2019agite \u00e0 intervalles r\u00e9guliers, revendique-t-il une conception de la la\u00efcit\u00e9 qui r\u00e9cuse son application pour les sorties scolaires o\u00f9 les accompagnants font pr\u00e9valoir la manifestation de leur libert\u00e9 religieuse et ignorent la libert\u00e9 de conscience des accompagn\u00e9s ? Et aussi dans l\u2019affaire Baby Loup.<\/p>\n<p>On ne peut cacher au Congr\u00e8s cette immixtion qui gangr\u00e8ne de l\u2019ext\u00e9rieur notre F\u00e9d\u00e9ration. Avec quel soutien ? Cette action limit\u00e9e et localis\u00e9e, ne peut nous inqui\u00e9ter en interne, mais se propage en externe pour miner peu \u00e0 peu l\u2019image et la l\u00e9gitimit\u00e9 de notre F\u00e9d\u00e9ration. Cette ill\u00e9gitime intrusion ne peut prosp\u00e9rer, malhonn\u00eatement, sans r\u00e9action et d\u00e9sapprobation du Congr\u00e8s au risque de ternir notre image publique et de porter atteinte \u00e0 nos actions de DDEN et \u00e0 notre n\u00e9cessaire d\u00e9veloppement.<\/p>\n<p>Cette publication anonyme est la continuit\u00e9 de cabales souterraines orchestr\u00e9es il y a deux ans avant le Congr\u00e8s de Grenoble pour s\u2019opposer \u00e0 la candidature de celui qui fut pourtant \u00e9lu, majoritairement, \u00e0 la Pr\u00e9sidence de notre F\u00e9d\u00e9ration. Publication qui porte accusation permanente en forme de justice de r\u00e9pression par des attaques, l\u00e2ches, ad hominem sur internet et certaines publications papier.<\/p>\n<p>La F\u00e9d\u00e9ration est toujours ouverte au d\u00e9bat dans toutes ses instances avec des d\u00e9l\u00e9gu\u00e9s adh\u00e9rents identifi\u00e9s et n\u2019a de compte \u00e0 rendre \u00e0 aucune autre organisation ni personnes anonymes. La F\u00e9d\u00e9ration a la volont\u00e9 de s&rsquo;ouvrir aux propos de tous ses membres identifi\u00e9s. Cette publication sans contradicteurs identifi\u00e9s cherche \u00e0 discr\u00e9diter et \u00e0 s\u2019opposer \u00e0 la la\u00efcit\u00e9 dont nous portons haut et fort le principe dans nos rangs, au sein du CNAL et de fa\u00e7on affinitaire dans le Collectif la\u00efque national. Collectif la\u00efque national de quarante organisations qui g\u00eane nos d\u00e9tracteurs et lui reprochent d\u2019avoir initi\u00e9 \u00ab la p\u00e9tition des 113 \u00bb contre la r\u00e9vision de la loi du 9 d\u00e9cembre 1905. Tous nos \u00e9crits attestent de cette volont\u00e9 historique permanente de promouvoir la la\u00efcit\u00e9. Aucun de nos \u00e9crits et propos ne peuvent \u00eatre mis en d\u00e9faut.<\/p>\n<p>Ces pr\u00e9tendus DDEN dissimul\u00e9s derri\u00e8re l\u2019anonymat d\u2019internet, sous des pseudonymes, s\u2019opposent \u00e0 la volont\u00e9 g\u00e9n\u00e9rale et essayent d\u2019imposer unilat\u00e9ralement une instrumentalisation politicienne en discr\u00e9ditant l\u2019action f\u00e9d\u00e9rale dans de pr\u00e9tendues \u00ab tribunes libres de d\u00e9bats de DDEN \u00bb pour d\u00e9stabiliser la F\u00e9d\u00e9ration. Pour qui travaillent-ils ? Ce populisme de la d\u00e9fiance a pour objectif de d\u00e9l\u00e9gitimer notre structure pour semer le trouble en affirmant que \u00ab la situation est tendue \u00e0 l\u2019int\u00e9rieur \u00bb de la F\u00e9d\u00e9ration. Quel est cet objectif qui participe \u00e0 la fragmentation pour discr\u00e9diter les DDEN et l\u2019efficacit\u00e9, reconnue, de notre action commune dans de multiples domaines.<\/p>\n<p>Les DDEN sont, par ailleurs, pour la plupart, des citoyens multi-engag\u00e9s dans des associations, syndicats ou partis politiques. Tous ces engagements citoyens sont respectables mais doivent rester individuels, sans chercher \u00e0 interf\u00e9rer avec le fonctionnement statutaire de notre F\u00e9d\u00e9ration.<\/p>\n<p>Quels que soient les engagements de chacune et de chacun, notre F\u00e9d\u00e9ration, pour \u00eatre fid\u00e8le \u00e0 son histoire, \u00e0 ses principes et ses valeurs, a l\u2019imp\u00e9rieuse obligation de rester collectivement ind\u00e9pendante d\u2019autres associations, partis politiques ou syndicats pour rassembler les adh\u00e9rents dans leur diversit\u00e9.<\/p>\n<p>Cet usage malsain des r\u00e9seaux sociaux, par une poign\u00e9e d\u2019individus, sans scrupule, qui ne peuvent se pr\u00e9valoir d\u2019une identit\u00e9 collective de DDEN, participe \u00e0 une op\u00e9ration de s\u00e9dition qui essaie de miner notre F\u00e9d\u00e9ration. Ils ne veulent pas faire conna\u00eetre ou reconna\u00eetre notre F\u00e9d\u00e9ration mais la faire dispara\u00eetre. Ces individus r\u00e9cusent la d\u00e9mocratie repr\u00e9sentative et sacralisent l\u2019individualisme et contribuent au malaise moral d&rsquo;une soci\u00e9t\u00e9 incapable d&rsquo;entreprendre collectivement. Cette radicalisation de la contre-d\u00e9mocratie qu\u2019ils pratiquent se dilue dans le lib\u00e9ralisme qui r\u00e9cuse la volont\u00e9 politique d\u00e9mocratique o\u00f9 l&rsquo;on choisit ensemble, en particulier ici et maintenant au Congr\u00e8s de d\u00e9passer nos logiques individualistes pour nous rassembler autour d&rsquo;un projet commun porteur de sens : l&rsquo;\u00c9cole publique la\u00efque. Nous voulons transformer les id\u00e9es de chacune et chacun en une action f\u00e9d\u00e9rale. Nous sommes au service de cette ambition R\u00e9publicaine et rien d\u2019autre\u2026.<\/p>\n<p>Vous \u00eates appel\u00e9s \u00e0 l\u2019issue de ce propos \u00e0 vous prononcer par vote pour : soit FAIRE F\u00c9D\u00c9RATION, soit FAIRE DIVISION.<\/p>\n<p>La vie de l\u2019organisation, c\u2019est, essentiellement, avec l\u2019aide de la F\u00e9d\u00e9ration, l\u2019action de nos Unions, qui impacte notre recrutement. Nous en d\u00e9battrons lors des rapports d\u2019activit\u00e9s et financiers. Rien de grand ne s\u2019est jamais fait sans militant, donc sans vous. Les DDEN, b\u00e9n\u00e9voles, partenaires de l\u2019\u00c9cole publique, sont empreints d\u2019id\u00e9al de justice, d\u2019\u00e9galit\u00e9 et de fraternit\u00e9. Merci \u00e0 vous toutes et tous DDEN.<\/p>\n<p>A l\u2019origine de tous les progr\u00e8s sociaux, il y a des actions engag\u00e9es. Pour nous cet engagement se concr\u00e9tise dans et autour de l\u2019Ecole publique la\u00efque pour l\u2019int\u00e9r\u00eat de l\u2019enfant. L\u00e0 o\u00f9 il y a une volont\u00e9 collective philanthropique, il y a un avenir collectif progressiste pour faire advenir une vie de groupe par l\u2019engagement social, la r\u00e9flexion, la participation et l\u2019\u00e9panouissement de chacune et chacun. C\u2019est le sens de nos concours nationaux : \u00ab Ecoles fleuries \u00bb et \u00ab Se construire Citoyen \u00bb.<\/p>\n<p>Dans la continuit\u00e9 de notre F\u00e9d\u00e9ration, autour de toutes les valeurs et principes que nous revendiquons, nous devons sans cesse promouvoir et d\u00e9fendre la la\u00efcit\u00e9 pour cr\u00e9er la coh\u00e9sion de la F\u00e9d\u00e9ration dans nos responsabilit\u00e9s respectives.<\/p>\n<p>L\u2019an pass\u00e9 nous avons choisi ensemble une priorit\u00e9 : le recrutement. Recrutement pour lequel la F\u00e9d\u00e9ration a fourni nombre d\u2019outils aux Unions et de propositions d\u2019actions.<\/p>\n<p>Nous devons au sein de la F\u00e9d\u00e9ration, mutualiser et travailler tous ensemble en poursuivant l\u2019am\u00e9lioration de notre fonctionnement et de nos relations. Ce travail collectif donnera du sens pour construire une vision commune. La coh\u00e9rence et la confiance f\u00e9d\u00e9rale et des Unions se construisent par des projets et objectifs partag\u00e9s au service des DDEN.<\/p>\n<p>Nous serons plus forts en \u00e9quipe que seul\u2026 pour continuer, plus encore \u00e0 servir l\u2019int\u00e9r\u00eat de l\u2019enfant. Merci \u00e0 vous toutes et tous pour votre engagement altruiste dont l\u2019\u00c9cole publique peut s\u2019honorer.<\/p>\n<p>Chers amis, chers coll\u00e8gues DDEN, bon congr\u00e8s 2019, ici \u00e0 Rennes.<\/p>\n<p><em><strong>Refus de vote des unions Maine et Loire (49) et Alpes de Haute-Provence (04).Texte adopt\u00e9 \u00e0 l\u2019unanimit\u00e9<\/strong><\/em><\/p>\n","protected":false},"excerpt":{"rendered":"<p>Visiblement les questions et interrogations que pose notre modeste bulletin num\u00e9rique semblent agacer au plus haut niveau de la F\u00e9d\u00e9ration nationale des DDEN. Faut-il que le colosse soit aux pieds bien d\u2019argile pour commencer un congr\u00e8s national par une telle charge de cavalerie\u00a0? C\u2019est l\u2019hommage, sans doute, du vice \u00e0 la vertu et c\u2019est bien &hellip; <a href=\"https:\/\/ledeleguelaique.fr\/?p=343\" class=\"more-link\">Continuer la lecture<span class=\"screen-reader-text\"> de &laquo;&nbsp;Pourquoi tant de haine\u00a0?&nbsp;&raquo;<\/span><\/a><\/p>\n","protected":false},"author":1,"featured_media":0,"comment_status":"closed","ping_status":"closed","sticky":false,"template":"","format":"standard","meta":{"footnotes":""},"categories":[11],"tags":[],"_links":{"self":[{"href":"https:\/\/ledeleguelaique.fr\/index.php?rest_route=\/wp\/v2\/posts\/343"}],"collection":[{"href":"https:\/\/ledeleguelaique.fr\/index.php?rest_route=\/wp\/v2\/posts"}],"about":[{"href":"https:\/\/ledeleguelaique.fr\/index.php?rest_route=\/wp\/v2\/types\/post"}],"author":[{"embeddable":true,"href":"https:\/\/ledeleguelaique.fr\/index.php?rest_route=\/wp\/v2\/users\/1"}],"replies":[{"embeddable":true,"href":"https:\/\/ledeleguelaique.fr\/index.php?rest_route=%2Fwp%2Fv2%2Fcomments&post=343"}],"version-history":[{"count":5,"href":"https:\/\/ledeleguelaique.fr\/index.php?rest_route=\/wp\/v2\/posts\/343\/revisions"}],"predecessor-version":[{"id":360,"href":"https:\/\/ledeleguelaique.fr\/index.php?rest_route=\/wp\/v2\/posts\/343\/revisions\/360"}],"wp:attachment":[{"href":"https:\/\/ledeleguelaique.fr\/index.php?rest_route=%2Fwp%2Fv2%2Fmedia&parent=343"}],"wp:term":[{"taxonomy":"category","embeddable":true,"href":"https:\/\/ledeleguelaique.fr\/index.php?rest_route=%2Fwp%2Fv2%2Fcategories&post=343"},{"taxonomy":"post_tag","embeddable":true,"href":"https:\/\/ledeleguelaique.fr\/index.php?rest_route=%2Fwp%2Fv2%2Ftags&post=343"}],"curies":[{"name":"wp","href":"https:\/\/api.w.org\/{rel}","templated":true}]}}