{"id":323,"date":"2019-10-14T01:07:54","date_gmt":"2019-10-13T23:07:54","guid":{"rendered":"https:\/\/ledeleguelaique.fr\/?p=323"},"modified":"2019-10-16T17:23:58","modified_gmt":"2019-10-16T15:23:58","slug":"communique-de-la-ligue-des-droits-de-lhomme-jean-michel-blanquer-lexcommunicateur-de-parents-deleves","status":"publish","type":"post","link":"https:\/\/ledeleguelaique.fr\/?p=323","title":{"rendered":"Communiqu\u00e9 de la Ligue Des Droits de l&rsquo;Homme &#8211; Jean-Michel Blanquer : l\u2019excommunicateur de parents d\u2019\u00e9l\u00e8ves"},"content":{"rendered":"<p><img loading=\"lazy\" decoding=\"async\" class=\"wp-image-325 alignleft\" src=\"https:\/\/ledeleguelaique.fr\/wp-content\/uploads\/2019\/10\/logo-274x300.png\" alt=\"\" width=\"172\" height=\"188\" srcset=\"https:\/\/ledeleguelaique.fr\/wp-content\/uploads\/2019\/10\/logo-274x300.png 274w, https:\/\/ledeleguelaique.fr\/wp-content\/uploads\/2019\/10\/logo.png 493w\" sizes=\"(max-width: 172px) 85vw, 172px\" \/>Le ministre de l\u2019\u00c9ducation nationale est intervenu, ce mardi 24 septembre, aupr\u00e8s de la FCPE pour faire \u00ab <em>corriger<\/em> \u00bb l\u2019une des cinq affiches de sa campagne pour les \u00e9lections de parents d\u2019\u00e9l\u00e8ves repr\u00e9sentant l\u2019accompagnement d\u2019une sortie scolaire par une m\u00e8re portant un voile. La qualifiant d\u2019\u00ab erreur \u00bb et l\u2019accusant de \u00ab <em>flatter le communautarisme<\/em> \u00bb, Jean-Michel Blanquer s\u2019arroge un pouvoir d\u2019appr\u00e9ciation hors de tout cadre l\u00e9gal avec une vision contraire aux textes en vigueur en mati\u00e8re de la\u00efcit\u00e9.<!--more--><\/p>\n<p>La Ligue des droits de l\u2019Homme (LDH) d\u00e9nonce une grave atteinte \u00e0 la libert\u00e9 d\u2019expression associative et une intervention politique en violation du principe de neutralit\u00e9 dans le cadre d\u2019un processus \u00e9lectoral. La critique de cette affiche d\u00e9j\u00e0 partag\u00e9e de mani\u00e8re insultante sur les r\u00e9seaux sociaux par le fondateur du Printemps r\u00e9publicain, r\u00e9v\u00e8le un jugement dogmatique port\u00e9 au nom d\u2019une vision restrictive de la la\u00efcit\u00e9, \u00e0 l\u2019oppos\u00e9 des textes applicables en la mati\u00e8re.<\/p>\n<p>Si la loi du 17 mars 2004 pr\u00e9voit que \u00ab dans les \u00e9coles, les coll\u00e8ges et les lyc\u00e9es publics, le port de signes ou tenues par lesquels les \u00e9l\u00e8ves manifestent ostensiblement une appartenance religieuse est interdit \u00bb, la LDH rappelle que ces restrictions comme le principe de neutralit\u00e9 des fonctionnaires, ne s\u2019appliquent pas aux non-fonctionnaires, ni aux auxiliaires de l\u2019\u00c9ducation nationale dans le cadre des sorties scolaires. La circulaire Chatel de 2012 visant \u00e0 \u00e9tendre ces contraintes aux accompagnateurs, a \u00e9t\u00e9 d\u00e9savou\u00e9e par le Conseil d\u2019\u00c9tat en d\u00e9cembre 2013, qui a pr\u00e9cis\u00e9 que les m\u00e8res accompagnatrices sont \u00e0 consid\u00e9rer comme des \u00ab usagers \u00bb du service public non soumises aux exigences de neutralit\u00e9 religieuse qui s\u2019impose aux agents de l\u2019\u00c9tat et assimil\u00e9s. Cette position de droit a \u00e9t\u00e9 rappel\u00e9e par l\u2019Observatoire de la la\u00efcit\u00e9 (en octobre 2014) et par le D\u00e9fenseur des droits, de mani\u00e8re constante, dans ses d\u00e9cisions.<\/p>\n<p>Refusant une la\u00efcit\u00e9 d\u2019exclusion, la LDH r\u00e9affirme sa pleine solidarit\u00e9 avec la FCPE pour offrir une juste place \u00e0 tous les parents dans la vie scolaire, sans discrimination. Attach\u00e9e \u00e0 la loi de 1905, qui, dans son article 1, promulgue la libert\u00e9 de conscience et de culte, et, dans son article 2, la neutralit\u00e9 de l\u2019Etat et de ses fonctionnaires, la LDH d\u00e9fend inlassablement le principe selon lequel la libert\u00e9 est la r\u00e8gle et sa limitation l\u2019exception, et s\u2019opposera \u00e0 toute tentation d\u2019\u00e9tendre l\u2019exigence de neutralit\u00e9 de l\u2019Etat \u00e0 la soci\u00e9t\u00e9 tout enti\u00e8re.<\/p>\n<p>Paris, le 25 septembre 2019<\/p>\n","protected":false},"excerpt":{"rendered":"<p>Le ministre de l\u2019\u00c9ducation nationale est intervenu, ce mardi 24 septembre, aupr\u00e8s de la FCPE pour faire \u00ab corriger \u00bb l\u2019une des cinq affiches de sa campagne pour les \u00e9lections de parents d\u2019\u00e9l\u00e8ves repr\u00e9sentant l\u2019accompagnement d\u2019une sortie scolaire par une m\u00e8re portant un voile. La qualifiant d\u2019\u00ab erreur \u00bb et l\u2019accusant de \u00ab flatter le &hellip; <a href=\"https:\/\/ledeleguelaique.fr\/?p=323\" class=\"more-link\">Continuer la lecture<span class=\"screen-reader-text\"> de &laquo;&nbsp;Communiqu\u00e9 de la Ligue Des Droits de l&rsquo;Homme &#8211; Jean-Michel Blanquer : l\u2019excommunicateur de parents d\u2019\u00e9l\u00e8ves&nbsp;&raquo;<\/span><\/a><\/p>\n","protected":false},"author":1,"featured_media":0,"comment_status":"closed","ping_status":"closed","sticky":false,"template":"","format":"standard","meta":{"footnotes":""},"categories":[11],"tags":[],"_links":{"self":[{"href":"https:\/\/ledeleguelaique.fr\/index.php?rest_route=\/wp\/v2\/posts\/323"}],"collection":[{"href":"https:\/\/ledeleguelaique.fr\/index.php?rest_route=\/wp\/v2\/posts"}],"about":[{"href":"https:\/\/ledeleguelaique.fr\/index.php?rest_route=\/wp\/v2\/types\/post"}],"author":[{"embeddable":true,"href":"https:\/\/ledeleguelaique.fr\/index.php?rest_route=\/wp\/v2\/users\/1"}],"replies":[{"embeddable":true,"href":"https:\/\/ledeleguelaique.fr\/index.php?rest_route=%2Fwp%2Fv2%2Fcomments&post=323"}],"version-history":[{"count":3,"href":"https:\/\/ledeleguelaique.fr\/index.php?rest_route=\/wp\/v2\/posts\/323\/revisions"}],"predecessor-version":[{"id":349,"href":"https:\/\/ledeleguelaique.fr\/index.php?rest_route=\/wp\/v2\/posts\/323\/revisions\/349"}],"wp:attachment":[{"href":"https:\/\/ledeleguelaique.fr\/index.php?rest_route=%2Fwp%2Fv2%2Fmedia&parent=323"}],"wp:term":[{"taxonomy":"category","embeddable":true,"href":"https:\/\/ledeleguelaique.fr\/index.php?rest_route=%2Fwp%2Fv2%2Fcategories&post=323"},{"taxonomy":"post_tag","embeddable":true,"href":"https:\/\/ledeleguelaique.fr\/index.php?rest_route=%2Fwp%2Fv2%2Ftags&post=323"}],"curies":[{"name":"wp","href":"https:\/\/api.w.org\/{rel}","templated":true}]}}