{"id":302,"date":"2019-10-13T20:16:19","date_gmt":"2019-10-13T18:16:19","guid":{"rendered":"https:\/\/ledeleguelaique.fr\/?p=302"},"modified":"2022-01-21T19:20:43","modified_gmt":"2022-01-21T18:20:43","slug":"dossier-dl-n5-lettre-dune-dden-du-93-a-propos-de-la-lettre-de-christine-renon-directrice-decole-a-pantin","status":"publish","type":"post","link":"https:\/\/ledeleguelaique.fr\/?p=302","title":{"rendered":"DOSSIER DL n\u00b05 : Lettre d\u2019une DDEN du 93 \u00e0 propos de la lettre de Christine Renon, directrice d\u2019\u00e9cole \u00e0 Pantin"},"content":{"rendered":"<p>Denise Landron-Bureau<br \/>\nDDEN des \u00e9coles de SEVRAN<\/p>\n<p>A Mesdames et Messieurs les directeurs des \u00e9coles de Sevran.<\/p>\n<p>Objet\u00a0 : La lettre de Christine Renon, directrice d\u2019\u00e9cole \u00e0 Pantin.<\/p>\n<p>Mesdames, Messieurs, cher(e)s coll\u00e8gues,<\/p>\n<p>Je prends la plume ce soir&#8230; Apr\u00e8s 17 ans pass\u00e9s comme DDEN dans les \u00e9coles de la ville, je pense pouvoir me le permettre.<\/p>\n<p>Je ne r\u00e9p\u00e9terai pas quelles sont les missions des DDEN depuis plus d&rsquo;un si\u00e8cle, telles qu&rsquo;elles sont codifi\u00e9es dans le Code de l\u2019\u00c9ducation. Nos interventions depuis le 15 f\u00e9vrier 2018, date \u00e0 laquelle nous avons constitu\u00e9 avec les enseignants et leurs syndicats, et les parents \u00e9lus dans les conseils d&rsquo;\u00e9cole, le \u00abComit\u00e9 de suivi des \u00e9coles de la ville\u00a0 \u00bb, ont permis de les rappeler.<!--more--><\/p>\n<p>Quand j&rsquo;ai lu la lettre de votre coll\u00e8gue Christine Renon, directrice d&rsquo;\u00e9cole \u00e0 Pantin, lettre qu&rsquo;elle est all\u00e9e d\u00e9poser dans une boite aux lettres, avant de se donner la mort, \u00e9puis\u00e9e, j&rsquo;ai repens\u00e9 \u00e0 toutes ces discussions et signalements qui ont \u00e9t\u00e9 faits aux autorit\u00e9s sur les difficult\u00e9s que vous rencontrez dans vos \u00e9coles.<\/p>\n<p>J&rsquo;ai retrouv\u00e9 les courriers adress\u00e9s aux autorit\u00e9s (IEN, DASEN, Pr\u00e9fets, Sous-Pr\u00e9fet, Maires et ses adjoints&#8230;). Je les ai relus ce week-end.<\/p>\n<p>17 ans de courrier.<\/p>\n<p>L\u00e0, une fuite d&rsquo;eau et l&rsquo;inondation qui s&rsquo;en suit&#8230;<\/p>\n<p>L\u00e0, les rats qui ont mang\u00e9 les fils du t\u00e9l\u00e9phone, et donc plus d&rsquo;internet pendant des jours et des jours&#8230;<\/p>\n<p>L\u00e0, pas de chauffage, pas d&rsquo;eau chaude pour faire le m\u00e9nage dans les classes et les couloirs&#8230;<\/p>\n<p>L\u00e0, vandalisme et cambriolages, des portails d\u2019\u00e9coles toujours ouverts,<\/p>\n<p>L\u00e0, l&rsquo;\u00e9cole servant de refuge \u00e0 des d\u00e9p\u00f4ts de drogues&#8230; ou pour faire un barbecue tranquille le week-end\u00a0 !<\/p>\n<p>L\u00e0, des champignons \u00e9maillant le sol de la cuisine, rendant insalubre et dangereux le travail des personnels et le repas des enfants&#8230;<\/p>\n<p>L\u00e0, une voiture de l&rsquo;institutrice vol\u00e9e, dans l&rsquo;\u00e9cole, en pleine journ\u00e9e&#8230;<\/p>\n<p>L\u00e0, un enfant en grande difficult\u00e9 ayant besoin des soins de professionnels&#8230; abandonn\u00e9 dans une classe o\u00f9 il perturbe tout le travail&#8230;<\/p>\n<p>Et toutes ces soci\u00e9t\u00e9s priv\u00e9es (m\u00e9nage, restauration, chauffage\u2026) auxquelles il faut s&rsquo;adresser puisque ce sont elles qui ont en charge les \u00e9coles sur ces missions&#8230;<\/p>\n<p>L\u00e0, des enfants priv\u00e9s de gymnase et de sport car celui-ci est pr\u00eat\u00e9 \u00e0 des organisations cultuelles.<\/p>\n<p>L\u00e0 des ma\u00eetres absents non remplac\u00e9s, des RASED dont chacun doit couvrir plusieurs groupes scolaires, un m\u00e9decin scolaire pour 10.000 \u00e9l\u00e8ves,<\/p>\n<p>L\u00e0 des poubelles non vid\u00e9es, des TNI qui font mal aux yeux des enfants, etc, etc, etc.<\/p>\n<p>Des dizaines et des dizaines d&rsquo;interventions alertant sur la d\u00e9gradation du plus beau des services publics\u00a0 : l&rsquo;ECOLE LA\u00cfQUE.<\/p>\n<p>Avec tous les comptes rendus des conseils d&rsquo;\u00e9cole que vous faites si minutieusement et que nous avons recueillis, et de plus en plus pr\u00e9cis\u00e9ment, nous avons \u00e9t\u00e9 re\u00e7us, tous ensemble, parents \u00e9lus, syndicats d\u2019enseignants et DDEN par le Sous-Pr\u00e9fet, le DASEN, le Maire&#8230;<\/p>\n<p>On a pu comparer nos cahiers de signalements comme des sortes de \u00ab\u00a0 cahiers de dol\u00e9ances\u00a0 \u00bb en faveur de l\u2019Ecole publique. Nous ne le renions pas.<\/p>\n<p>L\u2019IEN, quant \u00e0 lui, depuis un an ne d\u00e9sire plus nous voir \u00e0 cause de cela. Il nous a m\u00eame condamn\u00e9s pour \u00ab\u00a0 activit\u00e9s qui sortiraient de nos missions\u00a0 \u00bb sans apporter la moindre preuve sur ses accusations sans aucun fondement. Et pour cause, nos missions sont bien de signaler ce qui ne va pas dans nos \u00e9coles publiques. C\u2019est tout le contraire de la loi du silence ou la complicit\u00e9 avec l\u2019inacceptable.<\/p>\n<p>On a parfois le sentiment que le \u00ab\u00a0 surtout pas de vague\u00a0 \u00bb et \u00ab\u00a0 n\u2019emb\u00eatez pas la Mairie\u00a0 \u00bb seraient bien plus importants que les conditions r\u00e9elles de la vie scolaire dans nos \u00e9coles publiques\u00a0 !<\/p>\n<p>Nous avons n\u00e9anmoins, et malgr\u00e9 l\u2019inertie n\u00e9gative des autorit\u00e9s de l\u2019\u00c9ducation Nationale, \u00e9t\u00e9 \u00e9cout\u00e9s.<\/p>\n<p>Avons-nous \u00e9t\u00e9 entendus\u00a0 ? Partiellement.<\/p>\n<p>Des mesures ont \u00e9t\u00e9 prises pour la s\u00e9curit\u00e9 des \u00e9coles, des travaux entrepris pour r\u00e9parer ce qui m\u00e9ritait de l\u2019\u00eatre\u2026 Mais que d\u2019\u00e9nergie faut-il d\u00e9penser pour obtenir difficilement ce qui n\u2019est, somme toute, que parfaitement normal dans l\u2019\u00c9cole de la R\u00e9publique\u00a0 !<\/p>\n<p>Nous n\u2019avons pas outrepass\u00e9 nos missions en rappelant aux autorit\u00e9s municipales, leurs devoirs de fournir aux enfants des \u00e9coles s\u00e9curis\u00e9es et propres, gard\u00e9es et entretenues, agr\u00e9ables et belles, avec du mat\u00e9riel performant, des locaux spacieux et bien \u00e9quip\u00e9s\u2026<\/p>\n<p>Quant aux autorit\u00e9s de l\u2019\u00c9ducation Nationale, leurs missions ne sont-elles pas de garantir aux personnels des conditions de travail compatibles avec les exigences du m\u00e9tier d\u2019enseignant et d\u2019Atsem\u00a0 ?<\/p>\n<p>Christine Renon, dans son courrier adress\u00e9 \u00e0 ses coll\u00e8gues, d\u00e9crit les mille et une difficult\u00e9s rencontr\u00e9es pour diriger une \u00e9cole.<\/p>\n<p>\u00c9coutons les directeurs d\u2019\u00e9cole\u00a0 : ils sont en premi\u00e8re ligne.<\/p>\n<p>Un directeur nous a dit: \u00ab\u00a0 et pourtant ce qu&rsquo;elle dit n&rsquo;est qu&rsquo;un 10\u00e8me de ce qu&rsquo;on vit.\u00a0 \u00bb.<\/p>\n<p>Un autre\u00a0 : \u00ab\u00a0 Je passe un temps fou \u00e0 aller et venir entre mon bureau et le portail, au t\u00e9l\u00e9phone et mon ordinateur, les services de la ville et les soci\u00e9t\u00e9s priv\u00e9es\u2026 Un autre\u00a0 :\u00a0 \u00ab\u00a0 heureusement que je suis c\u00e9libataire et sans enfants, sinon je d\u00e9missionnerai\u00a0 !\u00a0 \u00bb<\/p>\n<p>Et pourtant, elle avait, Christine, une gardienne dans son \u00e9cole. A Sevran, le gardien, c&rsquo;est vous comme vous \u00eates aussi le factotum, le portier, l\u2019assistante sociale, l\u2019infirmier, l\u2019agent municipal, le r\u00e9ceptionniste des fournisseurs et l\u2019interlocuteur permanent des parents. M\u00eame le m\u00e9nage faute d\u2019agents de service dans les \u00e9coles dans la journ\u00e9e\u00a0 !<\/p>\n<p>J&rsquo;ai vu les images du rassemblement des enseignants devant son \u00e9cole, jeudi, plusieurs milliers venus de toute la r\u00e9gion parisienne. Et aussi, j&rsquo;ai lu l&rsquo;appel des 7 syndicats au rassemblement du 3 octobre devant le CHSCT. 7 syndicats enseignants, sur la Seine Saint Denis&#8230; ensemble, pour d\u00e9fendre l&rsquo;institution scolaire et son personnel&#8230; C&rsquo;est rare. Enseignante dans le 93, je n&rsquo;avais jamais v\u00e9cu cela.<\/p>\n<p>Et ce petit mot rajout\u00e9 \u00e0 la main\u00a0 : \u00ab\u00a0 faites tout pour qu&rsquo;on ne salisse pas ma m\u00e9moire.\u00a0 \u00bb<br \/>\nLa col\u00e8re est grande et l\u00e9gitime.<\/p>\n<p>Fasse que cette unit\u00e9 soit efficace et permette d\u2019obtenir, ici et maintenant, les mesures imm\u00e9diates n\u00e9cessaires pour sauver l&rsquo;\u00a0 \u00ab\u00a0 \u00e9cole publique\u00a0 \u00bb et permettre \u00e0 ses personnels d\u2019accomplir leurs missions qui est d\u2019abord et avant tout d\u2019enseigner dans de bonnes conditions.<\/p>\n<p>Mon v\u0153u le plus cher serait qu\u2019avec les syndicats et les parents, se constituent partout des \u00ab\u00a0 comit\u00e9s de suivi des \u00e9coles\u00a0 \u00bb, dans toutes les villes, dans tout le pays\u00a0 !<\/p>\n<p>Le 3 octobre, je serai parmi-vous.<\/p>\n<p>Recevez, tous, mes fraternelles salutations,<\/p>\n<p>Avec toutes mes excuses pour cette longue missive, mais la lettre de Christine \u00e0 ses coll\u00e8gues m&rsquo;a beaucoup \u00e9mue.<\/p>\n<p>Denise Landron-Bureau, DDEN sur la ville<\/p>\n","protected":false},"excerpt":{"rendered":"<p>Denise Landron-Bureau DDEN des \u00e9coles de SEVRAN A Mesdames et Messieurs les directeurs des \u00e9coles de Sevran. Objet\u00a0 : La lettre de Christine Renon, directrice d\u2019\u00e9cole \u00e0 Pantin. Mesdames, Messieurs, cher(e)s coll\u00e8gues, Je prends la plume ce soir&#8230; Apr\u00e8s 17 ans pass\u00e9s comme DDEN dans les \u00e9coles de la ville, je pense pouvoir me le &hellip; <a href=\"https:\/\/ledeleguelaique.fr\/?p=302\" class=\"more-link\">Continuer la lecture<span class=\"screen-reader-text\"> de &laquo;&nbsp;DOSSIER DL n\u00b05 : Lettre d\u2019une DDEN du 93 \u00e0 propos de la lettre de Christine Renon, directrice d\u2019\u00e9cole \u00e0 Pantin&nbsp;&raquo;<\/span><\/a><\/p>\n","protected":false},"author":1,"featured_media":308,"comment_status":"closed","ping_status":"closed","sticky":false,"template":"","format":"standard","meta":{"footnotes":""},"categories":[12],"tags":[],"_links":{"self":[{"href":"https:\/\/ledeleguelaique.fr\/index.php?rest_route=\/wp\/v2\/posts\/302"}],"collection":[{"href":"https:\/\/ledeleguelaique.fr\/index.php?rest_route=\/wp\/v2\/posts"}],"about":[{"href":"https:\/\/ledeleguelaique.fr\/index.php?rest_route=\/wp\/v2\/types\/post"}],"author":[{"embeddable":true,"href":"https:\/\/ledeleguelaique.fr\/index.php?rest_route=\/wp\/v2\/users\/1"}],"replies":[{"embeddable":true,"href":"https:\/\/ledeleguelaique.fr\/index.php?rest_route=%2Fwp%2Fv2%2Fcomments&post=302"}],"version-history":[{"count":6,"href":"https:\/\/ledeleguelaique.fr\/index.php?rest_route=\/wp\/v2\/posts\/302\/revisions"}],"predecessor-version":[{"id":576,"href":"https:\/\/ledeleguelaique.fr\/index.php?rest_route=\/wp\/v2\/posts\/302\/revisions\/576"}],"wp:featuredmedia":[{"embeddable":true,"href":"https:\/\/ledeleguelaique.fr\/index.php?rest_route=\/wp\/v2\/media\/308"}],"wp:attachment":[{"href":"https:\/\/ledeleguelaique.fr\/index.php?rest_route=%2Fwp%2Fv2%2Fmedia&parent=302"}],"wp:term":[{"taxonomy":"category","embeddable":true,"href":"https:\/\/ledeleguelaique.fr\/index.php?rest_route=%2Fwp%2Fv2%2Fcategories&post=302"},{"taxonomy":"post_tag","embeddable":true,"href":"https:\/\/ledeleguelaique.fr\/index.php?rest_route=%2Fwp%2Fv2%2Ftags&post=302"}],"curies":[{"name":"wp","href":"https:\/\/api.w.org\/{rel}","templated":true}]}}