{"id":298,"date":"2019-10-13T20:17:49","date_gmt":"2019-10-13T18:17:49","guid":{"rendered":"https:\/\/ledeleguelaique.fr\/?p=298"},"modified":"2022-01-21T19:20:38","modified_gmt":"2022-01-21T18:20:38","slug":"dossier-dl-n5-ce-netait-pas-un-coup-de-tonnerre-dans-un-ciel-serein","status":"publish","type":"post","link":"https:\/\/ledeleguelaique.fr\/?p=298","title":{"rendered":"DOSSIER DL n\u00b05 :  Ce n\u2019\u00e9tait pas un coup de tonnerre dans un ciel serein"},"content":{"rendered":"<p align=\"JUSTIFY\"><span style=\"font-family: Bookman Old Style, serif;\"><span style=\"font-size: medium;\">C\u2019est le cri d\u2019indignation ultime d\u2019une directrice d\u2019\u00e9cole exp\u00e9riment\u00e9e, consciencieuse, \u00e9puis\u00e9e par la pression quotidienne de t\u00e2ches ardues et r\u00e9p\u00e9titives, qui tuent son m\u00e9tier d\u2019enseignante charg\u00e9e d\u2019une direction d\u2019\u00e9cole.<\/span><\/span><!--more--><\/p>\n<p align=\"JUSTIFY\"><span style=\"font-family: Bookman Old Style, serif;\"><span style=\"font-size: medium;\">C\u2019est un cri d\u2019alarme lanc\u00e9 \u00e0 tous ses coll\u00e8gues et aux parents d\u2019\u00e9l\u00e8ves, mais aussi un poignant avertissement aux autorit\u00e9s de l\u2019Education nationale et des gouvernements successifs qui, depuis des ann\u00e9es, s\u2019\u00e9vertuent \u00e0 pourrir la situation des \u00e9coles publiques\u2026 sans n\u00e9gliger de verser 12 milliards par an aux \u00e9coles priv\u00e9es \u00e0 90% catholiques.<\/span><\/span><\/p>\n<p align=\"JUSTIFY\"><span style=\"font-family: Bookman Old Style, serif;\"><span style=\"font-size: medium;\">\u00ab\u00a0<i>Qui s\u00e8me le vent r\u00e9colte la temp\u00eate<\/i>\u00a0\u00bb qui couve dans le pays face \u00e0 un pouvoir qui n\u2019\u00e9coute que lui-m\u00eame et les milieux d\u2019affaires, dont il d\u00e9fend les int\u00e9r\u00eats avec un remarquable acharnement et une hypocrisie qui bat tous les records de la 5<sup>\u00e8me<\/sup> R\u00e9publique.<\/span><\/span><\/p>\n<p align=\"JUSTIFY\"><span style=\"font-family: Bookman Old Style, serif;\"><span style=\"font-size: medium;\">La rentr\u00e9e scolaire de septembre 2019 sera marqu\u00e9e \u00e0 jamais comme celle du suicide d\u2019une directrice d\u2019\u00e9cole sur son lieu de travail, dont la conscience est telle qu\u2019elle prend la peine d\u2019expliquer son geste ultime \u00e0 tous ses coll\u00e8gues dans une lettre o\u00f9 elle d\u00e9crit la v\u00e9rit\u00e9 des conditions de travail insupportables que lui imposent les autorit\u00e9s.<\/span><\/span><\/p>\n<p align=\"JUSTIFY\"><span style=\"font-family: Bookman Old Style, serif;\"><span style=\"font-size: medium;\">Sa lucidit\u00e9 est totale. Elle \u00e9crit, \u00e0 la main en haut de sa lettre, \u00e0 un coll\u00e8gue d\u00e9l\u00e9gu\u00e9 syndical\u00a0: <i>\u00ab\u00a0Je vous fais confiance pour emp\u00eacher l\u2019administration de salir ma m\u00e9moire\u00a0\u00bb. <\/i>Des milliers et des milliers d\u2019enseignants, en Seine-Saint-Denis, mais aussi partout ailleurs, ont montr\u00e9 \u00e0 tous en quelques jours que le geste de leur coll\u00e8gue ne serait ni sali ni vain. Cela en effet ne peut plus durer et il va falloir d\u00e9sormais que les autorit\u00e9s soient saisies des cons\u00e9quences d\u00e9sastreuses d\u2019une politique de d\u00e9mant\u00e8lement de l\u2019\u00c9ducation nationale, qui p\u00e8se sur le dos des enseignants et tout particuli\u00e8rement de leurs coll\u00e8gues charg\u00e9s d\u2019une direction.<\/span><\/span><\/p>\n<p align=\"JUSTIFY\"><span style=\"font-family: Bookman Old Style, serif;\"><span style=\"font-size: medium;\">Aujourd\u2019hui, le vent de la r\u00e9volte se l\u00e8ve pour dire avec la Directrice d\u2019\u00e9cole de Pantin : cela suffit. Toutes nos demandes pour r\u00e9tablir des conditions correctes de la vie scolaire seront r\u00e9pertori\u00e9es et les autorit\u00e9s saisies. Elles doivent \u00eatre satisfaites, partout et maintenant. L\u2019\u00c9cole publique, ses \u00e9l\u00e8ves et ses personnels le m\u00e9ritent.<\/span><\/span><\/p>\n<p align=\"JUSTIFY\"><span style=\"font-family: Bookman Old Style, serif;\"><span style=\"font-size: medium;\">Quant aux DDEN, ils ont choisi cette fonction pr\u00e9cis\u00e9ment parce qu\u2019elle leur impose de signaler ce qui ne va pas dans l\u2019\u00c9cole de la R\u00e9publique, de le dire, de l\u2019\u00e9crire et de le rendre public aupr\u00e8s des autorit\u00e9s qui pr\u00e9f\u00e8reraient sans doute la loi du silence et leur complicit\u00e9 que leur ind\u00e9pendance.<\/span><\/span><\/p>\n<p align=\"JUSTIFY\"><span style=\"font-family: Bookman Old Style, serif;\"><span style=\"font-size: medium;\">De ce point de vue, le silence assourdissant du Pr\u00e9sident Khaldi r\u00e9sonne comme une honte pour notre F\u00e9d\u00e9ration qu\u2019il plonge dans le d\u00e9shonneur.<\/span><\/span><\/p>\n<p align=\"JUSTIFY\"><span style=\"font-family: Bookman Old Style, serif;\"><span style=\"font-size: medium;\">Vous lirez la lettre adress\u00e9e par les DDEN de Sevran unanime au Pr\u00e9sident de la F\u00e9d\u00e9ration de Seine-Saint-Denis qui, soutenu par le Pr\u00e9sident Khaldi (1), revendique leur radiation aupr\u00e8s des autorit\u00e9s de l\u2019Education Nationale, mais absolument rien pour les conditions d\u00e9sastreuses de la vie scolaire qui s\u2019installent dans nos \u00e9coles.<\/span><\/span><\/p>\n<p style=\"text-align: left;\" align=\"CENTER\"><span style=\"font-family: Bookman Old Style, serif;\"><span style=\"font-size: large;\"><b>Michel Bureau<\/b><\/span><\/span><\/p>\n<ol>\n<li>\n<p align=\"JUSTIFY\"><span style=\"font-family: Bookman Old Style, serif;\"><span style=\"font-size: small;\">A une question sur la demande de radiation des DDEN de Sevran, Eddy Khaldi a r\u00e9pondu \u00ab\u00a0<\/span><span style=\"font-size: small;\"><i>qu\u2019ils seraient manipul\u00e9s et\/ou membres de la Libre Pens\u00e9e, donc politiquement engag\u00e9s\u00a0\u00bb. <\/i><\/span><span style=\"font-size: small;\">Pr\u00e9cisons que le dossier complet de cette affaire lui a \u00e9t\u00e9 envoy\u00e9 en Lettre RAR, sans r\u00e9ponse de sa part. <\/span><\/span><\/p>\n<\/li>\n<\/ol>\n","protected":false},"excerpt":{"rendered":"<p>C\u2019est le cri d\u2019indignation ultime d\u2019une directrice d\u2019\u00e9cole exp\u00e9riment\u00e9e, consciencieuse, \u00e9puis\u00e9e par la pression quotidienne de t\u00e2ches ardues et r\u00e9p\u00e9titives, qui tuent son m\u00e9tier d\u2019enseignante charg\u00e9e d\u2019une direction d\u2019\u00e9cole.<\/p>\n","protected":false},"author":1,"featured_media":308,"comment_status":"closed","ping_status":"closed","sticky":false,"template":"","format":"standard","meta":{"footnotes":""},"categories":[12],"tags":[],"_links":{"self":[{"href":"https:\/\/ledeleguelaique.fr\/index.php?rest_route=\/wp\/v2\/posts\/298"}],"collection":[{"href":"https:\/\/ledeleguelaique.fr\/index.php?rest_route=\/wp\/v2\/posts"}],"about":[{"href":"https:\/\/ledeleguelaique.fr\/index.php?rest_route=\/wp\/v2\/types\/post"}],"author":[{"embeddable":true,"href":"https:\/\/ledeleguelaique.fr\/index.php?rest_route=\/wp\/v2\/users\/1"}],"replies":[{"embeddable":true,"href":"https:\/\/ledeleguelaique.fr\/index.php?rest_route=%2Fwp%2Fv2%2Fcomments&post=298"}],"version-history":[{"count":4,"href":"https:\/\/ledeleguelaique.fr\/index.php?rest_route=\/wp\/v2\/posts\/298\/revisions"}],"predecessor-version":[{"id":577,"href":"https:\/\/ledeleguelaique.fr\/index.php?rest_route=\/wp\/v2\/posts\/298\/revisions\/577"}],"wp:featuredmedia":[{"embeddable":true,"href":"https:\/\/ledeleguelaique.fr\/index.php?rest_route=\/wp\/v2\/media\/308"}],"wp:attachment":[{"href":"https:\/\/ledeleguelaique.fr\/index.php?rest_route=%2Fwp%2Fv2%2Fmedia&parent=298"}],"wp:term":[{"taxonomy":"category","embeddable":true,"href":"https:\/\/ledeleguelaique.fr\/index.php?rest_route=%2Fwp%2Fv2%2Fcategories&post=298"},{"taxonomy":"post_tag","embeddable":true,"href":"https:\/\/ledeleguelaique.fr\/index.php?rest_route=%2Fwp%2Fv2%2Ftags&post=298"}],"curies":[{"name":"wp","href":"https:\/\/api.w.org\/{rel}","templated":true}]}}