{"id":294,"date":"2019-10-13T20:19:00","date_gmt":"2019-10-13T18:19:00","guid":{"rendered":"https:\/\/ledeleguelaique.fr\/?p=294"},"modified":"2019-10-16T14:00:31","modified_gmt":"2019-10-16T12:00:31","slug":"dossier-dl-n5-declaration-cgt-fo-sud-fsu-du-93","status":"publish","type":"post","link":"https:\/\/ledeleguelaique.fr\/?p=294","title":{"rendered":"DOSSIER DL n\u00b05 D\u00e9claration CGT, FO, SUD, FSU du 93"},"content":{"rendered":"<p><span style=\"font-family: Open Sans, Tahoma, sans-serif;\"><span style=\"font-size: large;\"><img loading=\"lazy\" decoding=\"async\" class=\"size-medium wp-image-296 alignleft\" src=\"https:\/\/ledeleguelaique.fr\/wp-content\/uploads\/2019\/10\/sigles-300x128.jpg\" alt=\"\" width=\"300\" height=\"128\" srcset=\"https:\/\/ledeleguelaique.fr\/wp-content\/uploads\/2019\/10\/sigles-300x128.jpg 300w, https:\/\/ledeleguelaique.fr\/wp-content\/uploads\/2019\/10\/sigles.jpg 580w\" sizes=\"(max-width: 300px) 85vw, 300px\" \/><strong>Mesdames et messieurs les membres du CHSCTD<\/strong><\/span><\/span><strong><span style=\"font-family: Open Sans, Tahoma, sans-serif;\"><span style=\"font-size: large;\">,<\/span><\/span><\/strong><\/p>\n<p><strong><span style=\"font-family: Open Sans, Tahoma, sans-serif;\"><span style=\"font-size: large;\">Monsieur le Directeur Acad\u00e9mique Adjoint,<\/span><\/span><\/strong><\/p>\n<p><span style=\"font-family: Open Sans, Tahoma, sans-serif;\"><span style=\"font-size: large;\">Nous sommes r\u00e9uni-es aujourd\u2019hui dans le cadre d\u2019un CHSCTD extraordinaire demand\u00e9 par les organisations syndicales suite au suicide de notre coll\u00e8gue Christine Renon jusque-l\u00e0 directrice de l\u2019\u00e9cole maternelle pantinoise M\u00e9hul.<\/span><\/span><!--more--><\/p>\n<p><span style=\"font-family: Open Sans, Tahoma, sans-serif;\"><span style=\"font-size: large;\">L\u2019affaire est grave. Le suicide s\u2019est produit sur le lieu de service, \u00e0 dessein, et notre coll\u00e8gue a pris soin d\u2019envoyer \u00e0 tou\u00b7tes ses coll\u00e8gues directeurs et directrices de la ville de Pantin une lettre, portant l&rsquo;ent\u00eate officielle de l&rsquo;\u00e9cole, ce qui est pour nous r\u00e9v\u00e9lateur de sa volont\u00e9 de lier son geste dramatique \u00e0 son travail. Cette lettre r\u00e9v\u00e9latrice est aujourd&rsquo;hui post\u00e9e sur les r\u00e9seaux sociaux. Nous l\u2019avons tous. L\u2019\u00e9moi est \u00e9norme.<\/span><\/span><\/p>\n<p><span style=\"font-family: Open Sans, Tahoma, sans-serif;\"><span style=\"font-size: large;\">Cette coll\u00e8gue exp\u00e9riment\u00e9e sur son poste de direction a vu grandir des g\u00e9n\u00e9rations d\u2019\u00e9l\u00e8ves, \u00e9tait personne ressource pour les enseignants, les \u00e9l\u00e8ves, les familles. L\u2019interrogation et le d\u00e9sarroi sont d\u2019autant plus forts que les coll\u00e8gues d\u00e9crivent Christine Renon comme une personne dynamique et volontaire.<\/span><\/span><\/p>\n<p><span style=\"font-family: Open Sans, Tahoma, sans-serif;\"><span style=\"font-size: large;\">Nous tenons \u00e0 le r\u00e9affirmer ici car c&rsquo;est le sens que nous donnons \u00e0 la derni\u00e8re phrase de sa lettre qui dit\u00a0: \u00ab\u00a0je remercie l&rsquo;institution de ne pas salir mon nom\u00a0\u00bb. L\u2019affaire est encore plus grave. L\u2019interrogation plus forte.<\/span><\/span><\/p>\n<p><span style=\"font-family: Open Sans, Tahoma, sans-serif;\"><span style=\"font-size: large;\">Pour nous, repr\u00e9sentants syndicaux d\u00e9l\u00e9gu\u00e9s du personnel, pour tous les personnels, le responsable de ce drame, c&rsquo;est l\u2019organisation du <\/span><\/span><span style=\"text-decoration: line-through;\"><span style=\"font-family: Open Sans, Tahoma, sans-serif;\"><span style=\"font-size: large;\">le<\/span><\/span><\/span><span style=\"font-family: Open Sans, Tahoma, sans-serif;\"><span style=\"font-size: large;\"> service qui engendre de la souffrance au travail.<\/span><\/span><\/p>\n<p align=\"JUSTIFY\"><span style=\"font-family: Open Sans, Tahoma, sans-serif;\"><span style=\"font-size: large;\">Christine Renon a d\u00e9nonc\u00e9 dans sa lettre tout ce qui l\u2019a amen\u00e9e \u00e0 cette d\u00e9cision sans retour possible, de fa\u00e7on claire et lucide pour \u00e9viter, comme \u00e0 chaque fois que le suicide se lie intimement \u00e0 la souffrance au travail, d\u2019aller chercher quelque explication dans une fatalit\u00e9 \u00e9conomique ou sociale, dans une fragilit\u00e9 psychologique, dans la difficult\u00e9 pr\u00e9sum\u00e9e \u00e0 s\u2019adapter aux \u00e9volutions car nous savons bien que les raisons v\u00e9ritables sont ailleurs, dans un management du travail qui cherche en permanence \u00e0 astreindre l\u2019activit\u00e9 humaine \u00e0 des pressions de rentabilit\u00e9, \u00e0 des obsessions de normalisation, parfois m\u00eame \u00e0 d\u2019inutiles tracasseries. Et tout cela dans l\u2019ignorance de la r\u00e9alit\u00e9 quotidienne de souffrance et d\u2019incompr\u00e9hension que ces imp\u00e9ratifs produisent. Notre coll\u00e8gue Christine Renon exprimait dans sa lettre la perte de sens d\u2019un m\u00e9tier o\u00f9 l\u2019administration pr\u00f4ne la bienveillance \u00e0 l\u2019\u00e9gard des \u00e9l\u00e8ves, tout en cr\u00e9ant des conditions de maltraitance des enfants et des personnels<\/span><\/span><\/p>\n<p lang=\"fr-FR\" align=\"JUSTIFY\"><span style=\"font-family: Open Sans, Tahoma, sans-serif;\"><span style=\"font-size: large;\">Elle d\u00e9crit le difficile exercice de son m\u00e9tier d\u2019enseignante et de sa fonction de directrice. Par exemple, la question du CT de juin 2019 qui n\u2019a pas accord\u00e9 l\u2019ouverture de classe sur l\u2019\u00e9cole maternelle M\u00e9hul et qui l\u2019a oblig\u00e9e \u00e0 retravailler trois fois et seule sa structure d\u2019\u00e9cole dans les 3 premi\u00e8res semaines de la rentr\u00e9e. <\/span><\/span><\/p>\n<p lang=\"fr-FR\" align=\"JUSTIFY\"><span style=\"font-family: Open Sans, Tahoma, sans-serif;\"><span style=\"font-size: large;\">Elle y explique l\u2019impossibilit\u00e9 de faire face, au quotidien, \u00e0 l\u2019ensemble de ses responsabilit\u00e9s malgr\u00e9 son profond attachement \u00e0 sa mission, ses \u00e9l\u00e8ves et leurs familles comme \u00e0 ses coll\u00e8gues. Sa lettre explique comment cette impossibilit\u00e9 de faire face a conduit \u00e0 son \u00e9puisement puis \u00e0 l\u2019irr\u00e9parable pour mettre un terme \u00e0 sa souffrance devenue insupportable. <\/span><\/span><\/p>\n<p lang=\"fr-FR\" align=\"JUSTIFY\"><span style=\"font-family: Open Sans, Tahoma, sans-serif;\"><span style=\"font-size: large;\">Par ailleurs, cette lettre expose des situations de travail partag\u00e9es o\u00f9 tous les coll\u00e8gues du d\u00e9partement et d\u2019ailleurs en France se reconnaissent\u00a0! Pour preuve, plus de 200 \u00e9coles ferm\u00e9es dans notre d\u00e9partement, des milliers d\u2019enseignants gr\u00e9vistes dans le premier et le second degr\u00e9 en France !<\/span><\/span><\/p>\n<p lang=\"fr-FR\" align=\"JUSTIFY\"><span style=\"font-family: Open Sans, Tahoma, sans-serif;\"><span style=\"font-size: large;\">La plupart sont l\u00e0 pr\u00e9sents car ils attendent beaucoup de l&rsquo;institution, de leur employeur et de ses repr\u00e9sentants. Et ils attendent en bas le retour de ce CHS d\u00e9partemental. Ils attendent des r\u00e9ponses pour que \u00ab\u00a0cela s&rsquo;arr\u00eate comme le disent bien des motions d&rsquo;\u00e9coles et d\u2019\u00e9tablissements !\u00a0\u00bb<\/span><\/span><\/p>\n<p lang=\"fr-FR\" align=\"JUSTIFY\"><span style=\"font-family: Open Sans, Tahoma, sans-serif;\"><span style=\"font-size: large;\">Ni nous ni les coll\u00e8gues ne pourront nous contenter d&rsquo;\u00e9l\u00e9ments de langage.<\/span><\/span><\/p>\n<p lang=\"fr-FR\" align=\"JUSTIFY\"><span style=\"font-family: Open Sans, Tahoma, sans-serif;\"><span style=\"font-size: large;\">Nous irons droit au but\u00a0: reprenons point par point les \u00e9l\u00e9ments de la lettre, faisons enregistrer les difficult\u00e9s qui sont celles de la coll\u00e8gue d\u00e9c\u00e9d\u00e9e qui d\u00e9finissent des risques psycho-sociaux que des centaines d\u2019enseignants ressentent. L\u2019alerte est donn\u00e9e. Nous ne voulons pas que d\u2019autres situations aussi dramatiques se produisent \u00e0 nouveau.<\/span><\/span><\/p>\n<p lang=\"fr-FR\" align=\"JUSTIFY\"><span style=\"font-family: Open Sans, Tahoma, sans-serif;\"><span style=\"font-size: large;\">Quelles r\u00e9ponses apportez-vous \u00e0\u00a0:<\/span><\/span><\/p>\n<ul>\n<li>\n<p lang=\"fr-FR\" align=\"JUSTIFY\"><span style=\"font-family: Open Sans, Tahoma, sans-serif;\"><span style=\"font-size: large;\">L\u2019installation d\u2019un IEN \u00e0 long terme \u00e0 Pantin afin que puisse se construire une stabilit\u00e9 dans la circonscription <\/span><\/span><\/p>\n<\/li>\n<li>\n<p lang=\"fr-FR\" align=\"JUSTIFY\"><span style=\"font-family: Open Sans, Tahoma, sans-serif;\"><span style=\"font-size: large;\">Aux rythmes scolaires \u00e0 Pantin qui \u00e9puisent et font fuir les coll\u00e8gues, alors que l\u00e9galement une enqu\u00eate devrait avoir lieu lorsqu\u2019il y a une modification de l\u2019organisation du service. <\/span><\/span><\/p>\n<\/li>\n<\/ul>\n<p lang=\"fr-FR\" align=\"JUSTIFY\"><span style=\"font-family: Open Sans, Tahoma, sans-serif;\"><span style=\"font-size: large;\">Quelle r\u00e9ponse apportez-vous \u00e0\u00a0:<\/span><\/span><\/p>\n<ul>\n<li>\n<p lang=\"fr-FR\" align=\"JUSTIFY\"><span style=\"font-family: Open Sans, Tahoma, sans-serif;\"><span style=\"font-size: large;\">La d\u00e9charge compl\u00e8te de tous les directeurs d\u2019\u00e9cole du d\u00e9partement.<\/span><\/span><\/p>\n<\/li>\n<li>\n<p lang=\"fr-FR\" align=\"JUSTIFY\"><span style=\"font-family: Open Sans, Tahoma, sans-serif;\"><span style=\"font-size: large;\">La charge de travail d\u2019une seule journ\u00e9e d\u2019\u00e9cole pour un directeur\/une directrice d\u2019\u00e9cole.<\/span><\/span><\/p>\n<\/li>\n<li>\n<p lang=\"fr-FR\" align=\"JUSTIFY\"><span style=\"font-family: Open Sans, Tahoma, sans-serif;\"><span style=\"font-size: large;\">La question du respect de la souverainet\u00e9 du conseil des ma\u00eetres et de ses d\u00e9cisions.<\/span><\/span><\/p>\n<\/li>\n<li>\n<p lang=\"fr-FR\" align=\"JUSTIFY\"><span style=\"font-family: Open Sans, Tahoma, sans-serif;\"><span style=\"font-size: large;\">Au manque de soutien et de protection par la hi\u00e9rarchie face aux menaces, agressions, plaintes, en application de l\u2019article 11 de la loi 83-634 sur la protection fonctionnelle du 13 juillet 1983, comme l\u2019a r\u00e9affirm\u00e9 ce matin le recteur dans sa lettre aux enseignants en ce jour d\u2019obs\u00e8ques. <\/span><\/span><\/p>\n<\/li>\n<li>\n<p lang=\"fr-FR\" align=\"JUSTIFY\"><span style=\"font-family: Open Sans, Tahoma, sans-serif;\"><span style=\"font-size: large;\">Au manque de soutien et de moyens dans l\u2019accompagnement des \u00e9l\u00e8ves en difficult\u00e9 \u00e0 commencer par la disparition des RASED. <\/span><\/span><\/p>\n<\/li>\n<li>\n<p lang=\"fr-FR\" align=\"JUSTIFY\"><span style=\"font-family: Open Sans, Tahoma, sans-serif;\"><span style=\"font-size: large;\">L\u2019isolement des coll\u00e8gues charg\u00e9\u00b7es de direction.<\/span><\/span><\/p>\n<\/li>\n<li>\n<p lang=\"fr-FR\" align=\"JUSTIFY\"><span style=\"font-family: Open Sans, Tahoma, sans-serif;\"><span style=\"font-size: large;\">Les pressions et les injonctions hi\u00e9rarchiques contradictoires incessantes, d\u00e9connect\u00e9es des besoins du terrain.<\/span><\/span><\/p>\n<\/li>\n<li>\n<p lang=\"fr-FR\" align=\"JUSTIFY\"><span style=\"font-family: Open Sans, Tahoma, sans-serif;\"><span style=\"font-size: large;\">Au contr\u00f4le p\u00e9dagogique permanent, comme celui des \u00e9valuations impos\u00e9es et non adapt\u00e9es au terrain.<\/span><\/span><\/p>\n<\/li>\n<li>\n<p lang=\"fr-FR\" align=\"JUSTIFY\"><span style=\"font-family: Open Sans, Tahoma, sans-serif;\"><span style=\"font-size: large;\">A la multiplication des t\u00e2ches qui d\u00e9naturent notre m\u00e9tier d\u2019enseignant\u00b7es, dans le primaire comme dans le secondaire. <\/span><\/span><\/p>\n<\/li>\n<li>\n<p lang=\"fr-FR\" align=\"JUSTIFY\"><span style=\"font-family: Open Sans, Tahoma, sans-serif;\"><span style=\"font-size: large;\">A la question des BD et de leur gestion centralis\u00e9e. <\/span><\/span><\/p>\n<\/li>\n<li>\n<p lang=\"fr-FR\" align=\"JUSTIFY\"><span style=\"font-family: Open Sans, Tahoma, sans-serif;\"><span style=\"font-size: medium;\"><span style=\"font-size: large;\">A la question des APC qui surchargent le travail des enseignant\u00b7es et ne respectent pas le rythme des enfants.<\/span><\/span><\/span><\/p>\n<\/li>\n<li>\n<p lang=\"fr-FR\" align=\"JUSTIFY\"><span style=\"font-family: Open Sans, Tahoma, sans-serif;\"><span style=\"font-size: medium;\"><span style=\"font-size: large;\">A la question des conditions d\u2019entr\u00e9e dans le m\u00e9tier et du manque de formation.<\/span><\/span><\/span><\/p>\n<\/li>\n<li>\n<p lang=\"fr-FR\" align=\"JUSTIFY\"><span style=\"font-family: Open Sans, Tahoma, sans-serif;\"><span style=\"font-size: medium;\"><span style=\"font-size: large;\">A la question du manque de moyens en \u00e9ducation prioritaire. <\/span> <\/span><\/span><\/p>\n<\/li>\n<li>\n<p lang=\"fr-FR\" align=\"JUSTIFY\"><span style=\"font-family: Open Sans, Tahoma, sans-serif;\"><span style=\"font-size: medium;\"><span style=\"font-size: large;\">Au manque de m\u00e9decins de pr\u00e9vention, mais aussi des m\u00e9decins et infirmiers scolaires.<\/span><\/span><\/span><\/p>\n<\/li>\n<li>\n<p lang=\"fr-FR\" align=\"JUSTIFY\"><span style=\"font-family: Open Sans, Tahoma, sans-serif;\"><span style=\"font-size: medium;\"><span style=\"font-size: large;\">Au \u00ab\u00a0New public management\u00a0\u00bb qui nous emp\u00eache de travailler dans des conditions d\u00e9centes et qui pousse les personnels \u00e0 bout<\/span><span style=\"font-size: large;\">.<\/span><\/span><\/span><\/p>\n<\/li>\n<\/ul>\n<p lang=\"fr-FR\" align=\"JUSTIFY\"><span style=\"font-family: Open Sans, Tahoma, sans-serif;\"><span style=\"font-size: medium;\"><span style=\"font-size: large;\">Nos revendications d\u00e9coulent \u00e9galement de d\u00e9cisions ou de r\u00e9formes minist\u00e9rielles, outrepassant l\u2019avis d\u00e9favorable des organisations syndicales et sans consultation du CHSCTM. Celles-ci d\u00e9truisent le service public d\u2019\u00e9ducation, aggravent les conditions de travail et augmentent les inqui\u00e9tudes des coll\u00e8gues. L\u2019\u00e9cole\u00a0dite \u00ab\u00a0de la confiance\u00a0\u00bb<\/span><span style=\"font-size: large;\">,<\/span><span style=\"font-size: large;\"> la r\u00e9forme de la fonction publique ou celle \u00e0 venir des retraites\u00a0sont d\u00e9l\u00e9t\u00e8res et nous les combattrons ! <\/span><\/span><\/span><\/p>\n<p lang=\"fr-FR\" align=\"JUSTIFY\"><span style=\"font-family: Open Sans, Tahoma, sans-serif;\"><span style=\"font-size: large;\">Pr\u00e9cisons quand m\u00eame que si la loi de 2003 portant sur les retraites n\u2019avait pas \u00e9t\u00e9 mise en place par le gouvernement de Fillon, Christine Renon aurait pu b\u00e9n\u00e9ficier d\u2019un d\u00e9part \u00e0 la retraite depuis 3 ans. <\/span><\/span><\/p>\n<p lang=\"fr-FR\" align=\"JUSTIFY\"><span style=\"font-family: Open Sans, Tahoma, sans-serif;\"><span style=\"font-size: large;\">En sortant d\u2019ici, tout \u00e0 l\u2019heure, nous rendrons compte imm\u00e9diatement, objectivement et enti\u00e8rement, \u00e0 tous les coll\u00e8gues qui nous attendent en bas, des d\u00e9cisions et des r\u00e9ponses qui auront \u00e9t\u00e9 apport\u00e9es ici m\u00eame. Tous ressentent \u00e0 travers la lettre de notre coll\u00e8gue le manque de soutien et ont un sentiment d&rsquo;abandon de leur hi\u00e9rarchie.<\/span><\/span><\/p>\n<p lang=\"fr-FR\" align=\"JUSTIFY\"><span style=\"font-family: Open Sans, Tahoma, sans-serif;\"><span style=\"font-size: large;\">Trop souvent, en ces lieux, lors des s\u00e9ances du CHSCTd, nous avons eu des r\u00e9ponses vagues ou dilatoires aux questions, aux revendications de moyens suppl\u00e9mentaires ou aux souffrances de coll\u00e8gues que nous avons port\u00e9es.<\/span><\/span><\/p>\n<p lang=\"fr-FR\" align=\"JUSTIFY\"><span style=\"font-family: Open Sans, Tahoma, sans-serif;\"><span style=\"font-size: large;\">C&rsquo;est \u00e0 la hauteur des non-r\u00e9ponses qu&rsquo;obtiennent les membres du CHSCTM\u00a0:\u00a0le manque d&rsquo;organisation d&rsquo;enqu\u00eates CHSCTd apr\u00e8s les accidents de services, la non-communication des chiffres de suicides, le refus tr\u00e8s fr\u00e9quent d&rsquo;imputabilit\u00e9 du service etc.<\/span><\/span><\/p>\n<p lang=\"fr-FR\" align=\"JUSTIFY\"><span style=\"font-family: Open Sans, Tahoma, sans-serif;\"><span style=\"font-size: large;\"> Rendons ce CHSCT d\u00e9partemental utile et agissons tous \u00e0 la hauteur de la gravit\u00e9 des faits qui nous r\u00e9unissent maintenant.<\/span><\/span><\/p>\n<p lang=\"fr-FR\" align=\"JUSTIFY\"><span style=\"font-family: Open Sans, Tahoma, sans-serif;\"><span style=\"font-size: large;\">Pour nous, enseignants et d\u00e9l\u00e9gu\u00e9s, le suicide de Madame Renon est ind\u00e9niablement li\u00e9 aux conditions de travail. C\u2019est pourquoi nous exigeons une enqu\u00eate du CHSCTD.<\/span><\/span><\/p>\n","protected":false},"excerpt":{"rendered":"<p>Mesdames et messieurs les membres du CHSCTD, Monsieur le Directeur Acad\u00e9mique Adjoint, Nous sommes r\u00e9uni-es aujourd\u2019hui dans le cadre d\u2019un CHSCTD extraordinaire demand\u00e9 par les organisations syndicales suite au suicide de notre coll\u00e8gue Christine Renon jusque-l\u00e0 directrice de l\u2019\u00e9cole maternelle pantinoise M\u00e9hul.<\/p>\n","protected":false},"author":1,"featured_media":308,"comment_status":"closed","ping_status":"closed","sticky":false,"template":"","format":"standard","meta":{"footnotes":""},"categories":[12],"tags":[],"_links":{"self":[{"href":"https:\/\/ledeleguelaique.fr\/index.php?rest_route=\/wp\/v2\/posts\/294"}],"collection":[{"href":"https:\/\/ledeleguelaique.fr\/index.php?rest_route=\/wp\/v2\/posts"}],"about":[{"href":"https:\/\/ledeleguelaique.fr\/index.php?rest_route=\/wp\/v2\/types\/post"}],"author":[{"embeddable":true,"href":"https:\/\/ledeleguelaique.fr\/index.php?rest_route=\/wp\/v2\/users\/1"}],"replies":[{"embeddable":true,"href":"https:\/\/ledeleguelaique.fr\/index.php?rest_route=%2Fwp%2Fv2%2Fcomments&post=294"}],"version-history":[{"count":4,"href":"https:\/\/ledeleguelaique.fr\/index.php?rest_route=\/wp\/v2\/posts\/294\/revisions"}],"predecessor-version":[{"id":303,"href":"https:\/\/ledeleguelaique.fr\/index.php?rest_route=\/wp\/v2\/posts\/294\/revisions\/303"}],"wp:featuredmedia":[{"embeddable":true,"href":"https:\/\/ledeleguelaique.fr\/index.php?rest_route=\/wp\/v2\/media\/308"}],"wp:attachment":[{"href":"https:\/\/ledeleguelaique.fr\/index.php?rest_route=%2Fwp%2Fv2%2Fmedia&parent=294"}],"wp:term":[{"taxonomy":"category","embeddable":true,"href":"https:\/\/ledeleguelaique.fr\/index.php?rest_route=%2Fwp%2Fv2%2Fcategories&post=294"},{"taxonomy":"post_tag","embeddable":true,"href":"https:\/\/ledeleguelaique.fr\/index.php?rest_route=%2Fwp%2Fv2%2Ftags&post=294"}],"curies":[{"name":"wp","href":"https:\/\/api.w.org\/{rel}","templated":true}]}}