{"id":230,"date":"2019-06-08T12:56:05","date_gmt":"2019-06-08T10:56:05","guid":{"rendered":"https:\/\/ledeleguelaique.fr\/?p=230"},"modified":"2019-08-11T00:36:18","modified_gmt":"2019-08-10T22:36:18","slug":"ag-des-dden-des-alpes-de-haute-provence-en-defense-de-la-loi-de-1905","status":"publish","type":"post","link":"https:\/\/ledeleguelaique.fr\/?p=230","title":{"rendered":"AG des DDEN des Alpes de Haute-Provence : En d\u00e9fense de la loi de 1905"},"content":{"rendered":"<h2>R\u00e9solution n\u00b01 adopt\u00e9e \u00e0 l&rsquo;unanimit\u00e9 des pr\u00e9sents, \u00e0 soumettre au Congr\u00e8s de la FN DDEN r\u00e9uni \u00e0 Rennes du 14 au 17 juin 2019<\/h2>\n<p><!--more--><\/p>\n<p>Nous DDEN des Alpes de Haute-Provence, r\u00e9unis en AG le mardi 30 avril 2019 \u00e0 La Brillanne (04), ayant pris connaissance que 2 appels d&rsquo;organisations et d&rsquo;associations regroupant la quasi-totalit\u00e9 des forces la\u00efques de notre pays ont \u00e9t\u00e9 lanc\u00e9s contre la r\u00e9vision de la loi du 9 d\u00e9cembre 1905, proposent le rassemblement de tous, dans l&rsquo;unit\u00e9, sur l&rsquo;exigence commune d&#8217;emp\u00eacher toute r\u00e9vision de la loi de 1905, ce compromis historique qui a fait de la France une R\u00e9publique la\u00efque, d\u00e9cident de proposer au 105\u00e8me Congr\u00e8s national la motion suivante\u00a0:<\/p>\n<blockquote><p>\u00ab\u00a0Nous, d\u00e9l\u00e9gu\u00e9s au 105\u00e8me congr\u00e8s national de la FN-DDEN, r\u00e9unis \u00e0 Rennes les 14,15 et 16 juin 2019, tenons \u00e0 exprimer notre inqui\u00e9tude face aux d\u00e9clarations du Pr\u00e9sident de la R\u00e9publique, Emmanuel Macron, se proposant de r\u00e9viser la loi de 1905 pour, a-t-il lui m\u00eame d\u00e9clar\u00e9, <em>\u00abr\u00e9parer le lien<strong>*<\/strong> ab\u00eem\u00e9 entre l&rsquo;Etat et l&rsquo;Eglise\u00bb<\/em>. Ils rappellent l&rsquo;attachement de toujours des DDEN \u00e0 la la\u00efcit\u00e9 des institutions de la R\u00e9publique, en particulier de l&rsquo;Ecole publique qu&rsquo;ils ont mission de d\u00e9fendre et de promouvoir. La stricte s\u00e9paration des Eglises et de l&rsquo;Etat, institutionnalis\u00e9e par la loi de 1905, garante de la libert\u00e9 de conscience de tous les citoyens, est un des piliers fondamentaux des droits de l&rsquo;Homme et des libert\u00e9s d\u00e9mocratiques.\u00a0\u00bb<\/p><\/blockquote>\n<p><em>*Ce lien n&rsquo;existe plus depuis la promulgation de la loi de 1905.<\/em><\/p>\n","protected":false},"excerpt":{"rendered":"<p>R\u00e9solution n\u00b01 adopt\u00e9e \u00e0 l&rsquo;unanimit\u00e9 des pr\u00e9sents, \u00e0 soumettre au Congr\u00e8s de la FN DDEN r\u00e9uni \u00e0 Rennes du 14 au 17 juin 2019<\/p>\n","protected":false},"author":1,"featured_media":0,"comment_status":"closed","ping_status":"closed","sticky":false,"template":"","format":"standard","meta":{"footnotes":""},"categories":[4,5,9],"tags":[],"_links":{"self":[{"href":"https:\/\/ledeleguelaique.fr\/index.php?rest_route=\/wp\/v2\/posts\/230"}],"collection":[{"href":"https:\/\/ledeleguelaique.fr\/index.php?rest_route=\/wp\/v2\/posts"}],"about":[{"href":"https:\/\/ledeleguelaique.fr\/index.php?rest_route=\/wp\/v2\/types\/post"}],"author":[{"embeddable":true,"href":"https:\/\/ledeleguelaique.fr\/index.php?rest_route=\/wp\/v2\/users\/1"}],"replies":[{"embeddable":true,"href":"https:\/\/ledeleguelaique.fr\/index.php?rest_route=%2Fwp%2Fv2%2Fcomments&post=230"}],"version-history":[{"count":2,"href":"https:\/\/ledeleguelaique.fr\/index.php?rest_route=\/wp\/v2\/posts\/230\/revisions"}],"predecessor-version":[{"id":232,"href":"https:\/\/ledeleguelaique.fr\/index.php?rest_route=\/wp\/v2\/posts\/230\/revisions\/232"}],"wp:attachment":[{"href":"https:\/\/ledeleguelaique.fr\/index.php?rest_route=%2Fwp%2Fv2%2Fmedia&parent=230"}],"wp:term":[{"taxonomy":"category","embeddable":true,"href":"https:\/\/ledeleguelaique.fr\/index.php?rest_route=%2Fwp%2Fv2%2Fcategories&post=230"},{"taxonomy":"post_tag","embeddable":true,"href":"https:\/\/ledeleguelaique.fr\/index.php?rest_route=%2Fwp%2Fv2%2Ftags&post=230"}],"curies":[{"name":"wp","href":"https:\/\/api.w.org\/{rel}","templated":true}]}}