{"id":201,"date":"2019-06-08T11:45:08","date_gmt":"2019-06-08T09:45:08","guid":{"rendered":"https:\/\/ledeleguelaique.fr\/?p=201"},"modified":"2019-08-11T00:37:06","modified_gmt":"2019-08-10T22:37:06","slug":"lettre-de-la-delegation-sevranaise-a-eddy-khaldi","status":"publish","type":"post","link":"https:\/\/ledeleguelaique.fr\/?p=201","title":{"rendered":"Lettre de la d\u00e9l\u00e9gation sevranaise \u00e0 Eddy Khaldi"},"content":{"rendered":"<p>Monsieur le Pr\u00e9sident,<\/p>\n<p>Bien que madame Marie-Jo Aymard soit \u00e0 vos c\u00f4t\u00e9s, membre du secr\u00e9tariat national de la F\u00e9d\u00e9ration que vous pr\u00e9sidez, la d\u00e9l\u00e9gation sevranaise des DDEN n&rsquo;est pas absolument certaine qu&rsquo;elle vous a communiqu\u00e9 le dossier complet de la demande adress\u00e9e au DASEN par Monsieur Jean-marc Minetto, pr\u00e9sident de l&rsquo;union D\u00e9partementale de la Seine-St-Denis, de proc\u00e9der \u00e0 la radiation collective des 7 DDEN composant la d\u00e9l\u00e9gation de Sevran.<!--more--><div id=\"wppdfemb-frame-container-2\"><iframe id=\"wppdf-emb-iframe-2\" scrolling=\"no\" data-pdf-index=\"2\" class=\"pdfembed-iframe nonfullscreen\" style=\"border: none; width:100%; max-width: 100%; min-height: 1000px;\" src=\"https:\/\/ledeleguelaique.fr?url=https%3A%2F%2Fledeleguelaique.fr%2Fwp-content%2Fuploads%2F2019%2F06%2FLettre-%C3%A0-Eddy-Khaldi-1.pdf&title=Lettre+%C3%A0+Eddy+Khaldi+%281%29&pdfID=2&index=2\" ><\/iframe><\/div><\/p>\n","protected":false},"excerpt":{"rendered":"<p>Monsieur le Pr\u00e9sident, Bien que madame Marie-Jo Aymard soit \u00e0 vos c\u00f4t\u00e9s, membre du secr\u00e9tariat national de la F\u00e9d\u00e9ration que vous pr\u00e9sidez, la d\u00e9l\u00e9gation sevranaise des DDEN n&rsquo;est pas absolument certaine qu&rsquo;elle vous a communiqu\u00e9 le dossier complet de la demande adress\u00e9e au DASEN par Monsieur Jean-marc Minetto, pr\u00e9sident de l&rsquo;union D\u00e9partementale de la Seine-St-Denis, &hellip; <a href=\"https:\/\/ledeleguelaique.fr\/?p=201\" class=\"more-link\">Continuer la lecture<span class=\"screen-reader-text\"> de &laquo;&nbsp;Lettre de la d\u00e9l\u00e9gation sevranaise \u00e0 Eddy Khaldi&nbsp;&raquo;<\/span><\/a><\/p>\n","protected":false},"author":1,"featured_media":0,"comment_status":"closed","ping_status":"closed","sticky":false,"template":"","format":"standard","meta":{"footnotes":""},"categories":[4,9],"tags":[],"_links":{"self":[{"href":"https:\/\/ledeleguelaique.fr\/index.php?rest_route=\/wp\/v2\/posts\/201"}],"collection":[{"href":"https:\/\/ledeleguelaique.fr\/index.php?rest_route=\/wp\/v2\/posts"}],"about":[{"href":"https:\/\/ledeleguelaique.fr\/index.php?rest_route=\/wp\/v2\/types\/post"}],"author":[{"embeddable":true,"href":"https:\/\/ledeleguelaique.fr\/index.php?rest_route=\/wp\/v2\/users\/1"}],"replies":[{"embeddable":true,"href":"https:\/\/ledeleguelaique.fr\/index.php?rest_route=%2Fwp%2Fv2%2Fcomments&post=201"}],"version-history":[{"count":1,"href":"https:\/\/ledeleguelaique.fr\/index.php?rest_route=\/wp\/v2\/posts\/201\/revisions"}],"predecessor-version":[{"id":203,"href":"https:\/\/ledeleguelaique.fr\/index.php?rest_route=\/wp\/v2\/posts\/201\/revisions\/203"}],"wp:attachment":[{"href":"https:\/\/ledeleguelaique.fr\/index.php?rest_route=%2Fwp%2Fv2%2Fmedia&parent=201"}],"wp:term":[{"taxonomy":"category","embeddable":true,"href":"https:\/\/ledeleguelaique.fr\/index.php?rest_route=%2Fwp%2Fv2%2Fcategories&post=201"},{"taxonomy":"post_tag","embeddable":true,"href":"https:\/\/ledeleguelaique.fr\/index.php?rest_route=%2Fwp%2Fv2%2Ftags&post=201"}],"curies":[{"name":"wp","href":"https:\/\/api.w.org\/{rel}","templated":true}]}}